{"id":11628,"date":"2020-02-19T19:13:30","date_gmt":"2020-02-19T17:13:30","guid":{"rendered":"https:\/\/www.eefshp.org\/?p=11628"},"modified":"2020-09-04T10:47:13","modified_gmt":"2020-09-04T07:47:13","slug":"viografies-o-gallos-filellin-maxime-raybaud","status":"publish","type":"post","link":"https:\/\/www.eefshp.org\/en\/viografies-o-gallos-filellin-maxime-raybaud\/","title":{"rendered":"Biographies: The French philhellene Maxime Raybaud"},"content":{"rendered":"<p>&nbsp;<\/p>\n<p>&nbsp;<\/p>\n<div id=\"attachment_13929\" style=\"width: 430px\" class=\"wp-caption aligncenter\"><img loading=\"lazy\" decoding=\"async\" aria-describedby=\"caption-attachment-13929\" class=\" wp-image-13929\" src=\"https:\/\/www.eefshp.org\/wp-content\/uploads\/2020\/09\/Maxime-Raybaud_1.jpg\" alt=\"\" width=\"420\" height=\"586\" srcset=\"https:\/\/www.eefshp.org\/wp-content\/uploads\/2020\/09\/Maxime-Raybaud_1.jpg 616w, https:\/\/www.eefshp.org\/wp-content\/uploads\/2020\/09\/Maxime-Raybaud_1-215x300.jpg 215w, https:\/\/www.eefshp.org\/wp-content\/uploads\/2020\/09\/Maxime-Raybaud_1-505x705.jpg 505w, https:\/\/www.eefshp.org\/wp-content\/uploads\/2020\/09\/Maxime-Raybaud_1-450x628.jpg 450w\" sizes=\"auto, (max-width: 420px) 100vw, 420px\" \/><p id=\"caption-attachment-13929\" class=\"wp-caption-text\">Portrait of Maxime Raybaud, 19nth century, oil on canvas (collection of Vincent Touze)<\/p><\/div>\n<p>&nbsp;<\/p>\n<p>Jean-Fran\u00e7ois Maxime Raybaud, a French officer, diplomat and writer, was born on 19 June 1795 in the town of La Colle in the province of Var in France and died in January 1894. He graduated from the Saint Cyr Military School and became a lieutenant of the artillery in the Army. He was one of the first Philhellenes who took part in the Greek War of Independence.<\/p>\n<p>He departed from Marseilles on 18 July 1821, by a boat from Hydra, chartered by Alexander Mavrokordatos, and arrived at Messolonghi on 2 August 1821 to join the corps of Thomas Gordon. In September 1821, he took part in the siege of Tripolitsa.<\/p>\n<div id=\"attachment_11619\" style=\"width: 275px\" class=\"wp-caption aligncenter\"><img loading=\"lazy\" decoding=\"async\" aria-describedby=\"caption-attachment-11619\" class=\" wp-image-11619\" src=\"https:\/\/www.eefshp.org\/wp-content\/uploads\/2020\/02\/Maxime-Raybaud-1.png\" alt=\"\" width=\"265\" height=\"213\" srcset=\"https:\/\/www.eefshp.org\/wp-content\/uploads\/2020\/02\/Maxime-Raybaud-1.png 800w, https:\/\/www.eefshp.org\/wp-content\/uploads\/2020\/02\/Maxime-Raybaud-1-300x242.png 300w, https:\/\/www.eefshp.org\/wp-content\/uploads\/2020\/02\/Maxime-Raybaud-1-768x618.png 768w, https:\/\/www.eefshp.org\/wp-content\/uploads\/2020\/02\/Maxime-Raybaud-1-495x400.png 495w, https:\/\/www.eefshp.org\/wp-content\/uploads\/2020\/02\/Maxime-Raybaud-1-705x568.png 705w, https:\/\/www.eefshp.org\/wp-content\/uploads\/2020\/02\/Maxime-Raybaud-1-450x362.png 450w\" sizes=\"auto, (max-width: 265px) 100vw, 265px\" \/><p id=\"caption-attachment-11619\" class=\"wp-caption-text\">Plan of the siege of Tripolitsa, extract from Raybaud\u2019s book<\/p><\/div>\n<p>He then continued his military journey under the protection of Mavrokordatos, whom he served as an aide-de-camp. In the Archives of Greek Paligenesia it is stated that he was initially Pentacosiarchos in Peloponnese and that later he was nominated Captain, following a recommendation by Mavrokordatos. He was part of the Peta exhibition. Due to a coincidence, he did not take part in the final (and disastrous for the Philhellenic Battalion), Peta&#8217;s battle and escaped death. He assembled the 25 men who survived and drove them to Kryoneri.<\/p>\n<div id=\"attachment_11621\" style=\"width: 289px\" class=\"wp-caption aligncenter\"><img loading=\"lazy\" decoding=\"async\" aria-describedby=\"caption-attachment-11621\" class=\" wp-image-11621\" src=\"https:\/\/www.eefshp.org\/wp-content\/uploads\/2020\/02\/Maxime-Raybaud-2.jpg\" alt=\"\" width=\"279\" height=\"222\" srcset=\"https:\/\/www.eefshp.org\/wp-content\/uploads\/2020\/02\/Maxime-Raybaud-2.jpg 755w, https:\/\/www.eefshp.org\/wp-content\/uploads\/2020\/02\/Maxime-Raybaud-2-300x238.jpg 300w, https:\/\/www.eefshp.org\/wp-content\/uploads\/2020\/02\/Maxime-Raybaud-2-705x560.jpg 705w, https:\/\/www.eefshp.org\/wp-content\/uploads\/2020\/02\/Maxime-Raybaud-2-450x358.jpg 450w\" sizes=\"auto, (max-width: 279px) 100vw, 279px\" \/><p id=\"caption-attachment-11621\" class=\"wp-caption-text\">The battle of Peta (Zografos)<\/p><\/div>\n<p>After this unfortunate event, in late 1822, he made the decision to return to France. However, in September 1825 he returned to Greece, accompanying the first volunteers and munitions for Greece, sent by the Philhellenic Committee of Paris. He advanced the idea that Greece required mainly Mountain Artillery. He was later sent back to France on orders from the interim government of Greece to recruit mercenaries, but his mission was met with limited success due to a lack of financial means.<\/p>\n<p>In August 1826, according to Henri Forn\u00e8sy&#8217;s notes, he took part in the Battle of Chaidari in Athens, in which he was wounded when his gun backfired. In November 1826, he joined Olivier Voutier on a failed mission to Atalantis under the guidance of Ioannis Kolettis, and it appears that he was involved in a personal conflict with Voutier, resulting in them fighting a duel and getting injured.<\/p>\n<p>In 1828, he joined, at his request, the French expeditionary corps of the Peloponnese, under General Maison, assuming the role of the official typographer of the Corps. Jacques Mangeart says that Raybaud was coming to Greece for the fifth time. He further confirms that during his stay in Nafplio, he was infected by typhus but that he was cured thanks to the generous efforts of his compatriot, Dr. Bailly. With the typographic machine that he brought with him from France and which he finally installed in Patras, he published the French-speaking <em>Le Courrier d&#8217;Orient<\/em>, a weekly political, commercial and literary newspaper, one of the first in Patras. It was published until the end of 1829 and it was then subsequently replaced by<em> Le Courier de la Gr\u00e8ce.<\/em><\/p>\n<p>In his two-volume work <em>Memories on Greece<\/em> (M\u00e9moires sur la Gr\u00e8ce), which is recognized by Greek and foreign historians for its objectivity, he describes, in addition to his personal action, the influence exerted by Dimitrios Ypsilantis on the army, the greed of certain chiefs, the conflict between the Regular army and the irregular combatants, the destruction and fall of Tripolitsa, the difficulties and deprivations that affected all the warriors indiscriminately, and the assembly and the multi-nation composition of the Battalion of the Philhellenes.<\/p>\n<div id=\"attachment_11623\" style=\"width: 240px\" class=\"wp-caption aligncenter\"><img loading=\"lazy\" decoding=\"async\" aria-describedby=\"caption-attachment-11623\" class=\" wp-image-11623\" src=\"https:\/\/www.eefshp.org\/wp-content\/uploads\/2020\/02\/Maxime-Raybaud-3.jpg\" alt=\"\" width=\"230\" height=\"230\" srcset=\"https:\/\/www.eefshp.org\/wp-content\/uploads\/2020\/02\/Maxime-Raybaud-3.jpg 545w, https:\/\/www.eefshp.org\/wp-content\/uploads\/2020\/02\/Maxime-Raybaud-3-80x80.jpg 80w, https:\/\/www.eefshp.org\/wp-content\/uploads\/2020\/02\/Maxime-Raybaud-3-300x300.jpg 300w, https:\/\/www.eefshp.org\/wp-content\/uploads\/2020\/02\/Maxime-Raybaud-3-36x36.jpg 36w, https:\/\/www.eefshp.org\/wp-content\/uploads\/2020\/02\/Maxime-Raybaud-3-180x180.jpg 180w, https:\/\/www.eefshp.org\/wp-content\/uploads\/2020\/02\/Maxime-Raybaud-3-120x120.jpg 120w, https:\/\/www.eefshp.org\/wp-content\/uploads\/2020\/02\/Maxime-Raybaud-3-450x450.jpg 450w, https:\/\/www.eefshp.org\/wp-content\/uploads\/2020\/02\/Maxime-Raybaud-3-100x100.jpg 100w\" sizes=\"auto, (max-width: 230px) 100vw, 230px\" \/><p id=\"caption-attachment-11623\" class=\"wp-caption-text\">Raybaud\u2019s two volume book, Memoires sur la Grece<\/p><\/div>\n<p>In parallel, it is important that he publishes a list of Philhellenes who fell fighting heroically in the battle of Peta, but also that he enriches his work with topographical maps of the battlefields. His memoirs were eagerly awaited by the French public, as shown by publications of <em>Le Globe<\/em>&#8216;s in February 1825.<\/p>\n<p>In 1831, Maxime Raybaud was appointed &#8216;commissioner&#8217; of France in Arta. He is later reported to have served in the French National Military School and then in Cyprus and subsequently in Haiti as Consul and Consul General respectively. In addition, he was a journalist, writing for newspapers <em>La Presse<\/em>, and <em>L<\/em>e<em> Journal des D\u00e9bats<\/em>, under the pseudonym Gustave d&#8217;Alaux.<\/p>\n<p>The Greek state honored him with the medal of the Commander of the Order of the Savior in 1836 and the French state with the medal of the Commander of the Legion of Honor in 1852.<\/p>\n<p><strong>SOURCES AND BIBLIOGRAPHY<\/strong><\/p>\n<ul>\n<li>Acad\u00e9mie des Sciences d\u2019Outre-Mer, <em>Hommes et destins, dictionnaire biographique d\u2019Outre-Mer<\/em>, tome 5, Expansion coloniale, 1984.<\/li>\n<li>Archives France: \u00abd\u00e9part pour la Gr\u00e8ce de Maxime Raybaud, pr\u00e9sum\u00e9 charg\u00e9 de sommes consid\u00e9rables confi\u00e9es par le Comit\u00e9 grec\u00bb, \u03c6\u03ac\u03ba\u03b5\u03bb\u03bf\u03b9:\u00a0F\/7\/6678-F\/7\/6784, \u03a5\u03c0\u03bf\u03c6\u03ac\u03ba\u03b5\u03bb\u03bf\u03c2 35\u03b2, \u03c3\u03c4\u03b7 \u03b3\u03b5\u03bd\u03b9\u03ba\u03ae \u03c3\u03c5\u03bb\u03bb\u03bf\u03b3\u03ae: <a href=\"https:\/\/francearchives.fr\/en\/findingaid\/8b7166f50d23cb82db29367e91c14accfd4fb972\">Affaires politiques (police politique). Objets g\u00e9n\u00e9raux (1815-1838)<\/a> \u03c4\u03c9\u03bd \u0391\u03c1\u03c7\u03b5\u03af\u03c9\u03bd \u03c4\u03b7\u03c2 \u0393\u03b1\u03bb\u03bb\u03af\u03b1\u03c2.<\/li>\n<li>Boppe Auguste, \u00abLe consulat g\u00e9n\u00e9ral de Mor\u00e9e et ses d\u00e9pendances (Ath\u00e8nes, Coron, Modon, Napoli de Romanie, Patras, Arta.)\u00bb, \u03c3\u03c4\u03bf: <em>Revue<\/em> <em>des \u00c9tudes Grecques,<\/em> tome 20, fascicule 87,1907. \u03c3\u03b5\u03bb. 18-37.<\/li>\n<li>Forn\u00e8sy Henri, \u00abLe monument des philhell\u00e8nes\u00bb, 1860, \u0395\u03b8\u03bd\u03b9\u03ba\u03ae \u0392\u03b9\u03b2\u03bb\u03b9\u03bf\u03b8\u03ae\u03ba\u03b7, \u03a4\u03bc\u03ae\u03bc\u03b1 \u03a7\u03b5\u03b9\u03c1\u03bf\u03b3\u03c1\u03ac\u03c6\u03c9\u03bd \u03ba\u03b1\u03b9 \u039f\u03bc\u03bf\u03b9\u03bf\u03c4\u03cd\u03c0\u03c9\u03bd, \u03c7\u03b5\u03b9\u03c1\u03cc\u03b3\u03c1\u03b1\u03c6\u03bf697.<\/li>\n<li>Jacques\u00a0Mangeart<em>, Souvenirs de la Mor\u00e9e<\/em>, recueillis pendant le s\u00e9jour des Fran\u00e7ais dans le P\u00e9loponn\u00e8se, Paris, Igonette Libraire-\u00e9diteur, \u03c3\u03b5\u03bb. 3, 107, 150, 236, 408.<\/li>\n<li>Raybaud Maxime, <em>M\u00e9moires<\/em> <em>sur la Gr\u00e8ce pour servir \u00e0 l\u2019histoire de la guerre de l\u2019Ind\u00e9pendance<\/em>, accompagn\u00e9s de plans topographiques, avec une introduction historique par Alph. Rabbe, Paris, Tournachon-Molin, Libraire, 1824, \u03c4\u03cc\u03bc\u03bf\u03c2 1 &amp; 2.<\/li>\n<li>St-Clair William, <em>That Greece might still be free \u2013 The Philhellenes in the War of Independence<\/em>, \u03c4\u03cc\u03bc\u03bf\u03c2 1, \u03b5\u03ba\u03b4. Oxford University Press, \u039b\u03bf\u03bd\u03b4\u03af\u03bd\u03bf-\u039d\u03ad\u03b1 \u03a5\u03cc\u03c1\u03ba\u03b7 1972, \u03c3\u03b5\u03bb. 282-283.<\/li>\n<li>\u0391\u03c0\u03cc\u03c6\u03b1\u03c3\u03b7 \u03c5\u03c0\u2019 \u03b1\u03c1\u03b9\u03b8\u03bc\u03cc\u03bd 102 \u03c4\u03bf\u03c5 \u03a0\u03c1\u03bf\u03ad\u03b4\u03c1\u03bf\u03c5 \u03c4\u03bf\u03c5 \u0395\u03ba\u03c4\u03b5\u03bb\u03b5\u03c3\u03c4\u03b9\u03ba\u03bf\u03cd \u03bc\u03b5 \u03b7\u03bc\u03b5\u03c1\u03bf\u03bc\u03b7\u03bd\u03af\u03b1 10\u039c\u03b1\u0390\u03bf\u03c5 1822, \u03b7 \u03bf\u03c0\u03bf\u03af\u03b1 \u03bc\u03bd\u03b7\u03bc\u03bf\u03bd\u03b5\u03cd\u03b5\u03c4\u03b1\u03b9 \u03b1\u03c0\u03cc \u03c4\u03bf\u03bd \u0396\u03bf\u03cd\u03b2\u03b1 \u03a0\u03b1\u03bd\u03b1\u03b3\u03ae, <em>\u0397 \u03bf\u03c1\u03b3\u03ac\u03bd\u03c9\u03c3\u03b9\u03c2 \u03a4\u03b1\u03ba\u03c4\u03b9\u03ba\u03bf\u03cd \u03a3\u03c4\u03c1\u03b1\u03c4\u03bf\u03cd \u03ba\u03b1\u03c4\u03ac \u03c4\u03b1 \u03c0\u03c1\u03ce\u03c4\u03b1 \u03ad\u03c4\u03b7 \u03c4\u03b7\u03c2 \u0395\u03c0\u03b1\u03bd\u03b1\u03c3\u03c4\u03ac\u03c3\u03b5\u03c9\u03c2 \u03c4\u03bf\u03c5 1821<\/em>, \u03c7.\u03b5., \u0391\u03b8\u03ae\u03bd\u03b1 1969, \u03c3\u03b5\u03bb. 70 \u03ba\u03b1\u03b9 108.<\/li>\n<li><em>\u0391\u03c1\u03c7\u03b5\u03af\u03b1 \u0395\u03bb\u03bb\u03b7\u03bd\u03b9\u03ba\u03ae\u03c2 \u03a0\u03b1\u03bb\u03b9\u03b3\u03b3\u03b5\u03bd\u03b5\u03c3\u03af\u03b1\u03c2<\/em><strong>,<\/strong> \u03c4\u03cc\u03bc\u03bf\u03c2 1 \u03c3\u03b5\u03bb. 183: \u03b5\u03b9\u03c3\u03ae\u03b3\u03b7\u03c3\u03b7 \u03c4\u03bf\u03c5 \u039c\u03b1\u03c5\u03c1\u03bf\u03ba\u03bf\u03c1\u03b4\u03ac\u03c4\u03bf\u03c5, \u03b1\u03c1. 1424 \u03c0\u03c1\u03bf\u03c2 \u03c4\u03bf \u03b2\u03bf\u03c5\u03bb\u03b5\u03c5\u03c4\u03b9\u03ba\u03cc, 15 \u039c\u03b1\u0390\u03bf\u03c5 1822.<\/li>\n<li>\u0392\u03c5\u03b6\u03ac\u03bd\u03c4\u03b9\u03bf\u03c2 \u03a7\u03c1\u03ae\u03c3\u03c4\u03bf\u03c2, <em>\u0399\u03c3\u03c4\u03bf\u03c1\u03af\u03b1 \u03c4\u03c9\u03bd \u03ba\u03b1\u03c4\u03ac \u03c4\u03b7\u03bd \u0395\u03bb\u03bb\u03b7\u03bd. \u0395\u03c0\u03b1\u03bd\u03ac\u03c3\u03c4\u03b1\u03c3\u03b9\u03bd \u03b5\u03ba\u03c3\u03c4\u03c1\u03b1\u03c4\u03b5\u03b9\u03ce\u03bd \u03ba\u03b1\u03b9 \u03bc\u03b1\u03c7\u03ce\u03bd \u03ba\u03b1\u03b9 \u03c4\u03c9\u03bd \u03bc\u03b5\u03c4\u03ac \u03c4\u03b1\u03cd\u03c4\u03b1 \u03c3\u03c5\u03bc\u03b2\u03ac\u03bd\u03c4\u03c9\u03bd, \u03c9\u03bd \u03c3\u03c5\u03bc\u03bc\u03b5\u03c4\u03ad\u03c3\u03c7\u03b5\u03bd \u03bf \u03a4\u03b1\u03ba\u03c4\u03b9\u03ba\u03cc\u03c2 \u03a3\u03c4\u03c1\u03b1\u03c4\u03cc\u03c2, \u03b1\u03c0\u03cc \u03c4\u03bf\u03c5 1821 \u03bc\u03ad\u03c7\u03c1\u03b9 \u03c4\u03bf\u03c5 1833<\/em> [\u03b5\u03ba\u03b4. 1901], \u03c3\u03b5\u03bb. 203.<\/li>\n<li>\u0394\u03b7\u03bc\u03b1\u03ba\u03cc\u03c0\u03bf\u03c5\u03bb\u03bf\u03c2 \u0394. \u0393\u03b5\u03ce\u03c1\u03b3\u03b9\u03bf\u03c2, \u00ab\u0391\u03b9 \u03b5\u03c6\u03b7\u03bc\u03b5\u03c1\u03af\u03b4\u03b5\u03c2 <em>Courrier<\/em> <em>d<\/em><em>\u2019<\/em><em>Orient<\/em><em>&#8211;<\/em><em>Le<\/em> <em>Courrier<\/em> <em>de<\/em> <em>la<\/em> <em>Gr<\/em><em>\u00e8<\/em><em>ce<\/em>\u00bb, <em>\u0394\u03b5\u03bb\u03c4\u03af\u03bf\u03bd \u03c4\u03b7\u03c2 \u0399\u0395\u0395\u0395<\/em>, \u03c4\u03cc\u03bc\u03bf\u03c2 21 (1978), \u03c3\u03b5\u03bb. 469-497.<\/li>\n<li>\u0395\u03c6\u03b7\u03bc\u03b5\u03c1\u03af\u03b4\u03b1 <em>Le<\/em> <em>Globe<\/em>, \u03a0\u03b1\u03c1\u03af\u03c3\u03b9, \u03b1\u03c1. 65, 5 \u03a6\u03b5\u03b2\u03c1\u03bf\u03c5\u03b1\u03c1\u03af\u03bf\u03c5 1825, \u03cc\u03c0\u03bf\u03c5 \u03b1\u03bd\u03b1\u03b3\u03b3\u03b5\u03bb\u03af\u03b1 \u03c4\u03bf\u03c5 \u03ad\u03c1\u03b3\u03bf\u03c5 \u03c4\u03bf\u03c5 Raybaud \u03ba\u03b1\u03b9 \u03b1\u03c1. 96, 19 \u0391\u03c0\u03c1\u03b9\u03bb\u03af\u03bf\u03c5 1825, \u03cc\u03c0\u03bf\u03c5 \u03ba\u03c1\u03b9\u03c4\u03b9\u03ba\u03ae \u03c0\u03b1\u03c1\u03bf\u03c5\u03c3\u03af\u03b1\u03c3\u03b7 \u03b1\u03c5\u03c4\u03bf\u03cd.<\/li>\n<li>\u0397\u03bb\u03b5\u03ba\u03c4\u03c1\u03bf\u03bd\u03b9\u03ba\u03ae \u03b2\u03ac\u03c3\u03b7 \u03b1\u03c0\u03bf\u03bd\u03b5\u03bc\u03b7\u03b8\u03ad\u03bd\u03c4\u03c9\u03bd \u03c0\u03b1\u03c1\u03b1\u03c3\u03ae\u03bc\u03c9\u03bd \u03c4\u03b7\u03c2 \u039b\u03b5\u03b3\u03b5\u03ce\u03bd\u03b1\u03c2 \u03c4\u03b7\u03c2 \u03a4\u03b9\u03bc\u03ae\u03c2 <a href=\"http:\/\/www2.coulture.gouv.fr\/documentation\/leonore\/leonore.htm\">http:\/\/wwwcoulture.gouv.fr\/documentation\/leonore\/leonore.htm<\/a>, Dossier LH\/2273\/6.<\/li>\n<li>\u0398\u03b5\u03bc\u03b5\u03bb\u03ae-\u039a\u03b1\u03c4\u03b7\u03c6\u03cc\u03c1\u03b7 \u0394\u03ad\u03c3\u03c0\u03bf\u03b9\u03bd\u03b1, <em>\u03a4\u03bf \u03b3\u03b1\u03bb\u03bb\u03b9\u03ba\u03cc \u03b5\u03bd\u03b4\u03b9\u03b1\u03c6\u03ad\u03c1\u03bf\u03bd \u03b3\u03b9\u03b1 \u03c4\u03b7\u03bd \u0395\u03bb\u03bb\u03ac\u03b4\u03b1 \u03c3\u03c4\u03b7\u03bd \u03c0\u03b5\u03c1\u03af\u03bf\u03b4\u03bf \u03c4\u03bf\u03c5 \u039a\u03b1\u03c0\u03bf\u03b4\u03af\u03c3\u03c4\u03c1\u03b9\u03b1, 1828-1831<\/em>, \u03c3\u03b5\u03bb. 85.<\/li>\n<li>\u03a3\u03c0\u03b7\u03bb\u03b9\u03ac\u03b4\u03b7\u03c2 \u039d\u03b9\u03ba\u03cc\u03bb\u03b1\u03bf\u03c2, <em>\u0391\u03c0\u03bf\u03bc\u03bd\u03b7\u03bc\u03bf\u03bd\u03b5\u03cd\u03bc\u03b1\u03c4\u03b1 \u03b4\u03b9\u03b1 \u03bd\u03b1 \u03c7\u03c1\u03b7\u03c3\u03b9\u03bc\u03b5\u03cd\u03c3\u03c9\u03c3\u03b9\u03bd \u03b5\u03b9\u03c2 \u03c4\u03b7\u03bd \u03bd\u03ad\u03b1\u03bd \u03b5\u03bb\u03bb\u03b7\u03bd\u03b9\u03ba\u03ae\u03bd \u03b9\u03c3\u03c4\u03bf\u03c1\u03af\u03b1\u03bd (1821-1843)<\/em>, \u03c4\u03cc\u03bc\u03bf\u03c2 2, \u03b5\u03ba\u03b4. \u03a0\u03b1\u03bd\u03b1\u03b3\u03b9\u03ce\u03c4\u03bf\u03c5 \u03a6. \u03a7\u03c1\u03b9\u03c3\u03c4\u03bf\u03c0\u03bf\u03cd\u03bb\u03bf\u03c5, \u0391\u03b8\u03ae\u03bd\u03b1 1972, \u03c3\u03b5\u03bb. 289 \u03ba\u03b1\u03b9 479.<\/li>\n<\/ul>\n","protected":false},"excerpt":{"rendered":"<p>&nbsp; &nbsp; &nbsp; Jean-Fran\u00e7ois Maxime Raybaud, a French officer, diplomat and writer, was born on 19 June 1795 in the town of La Colle in the province of Var in France and died in January 1894. He graduated from the Saint Cyr Military School and became a lieutenant of the artillery in the Army. He [&hellip;]<\/p>\n","protected":false},"author":10,"featured_media":13936,"comment_status":"closed","ping_status":"closed","sticky":false,"template":"","format":"standard","meta":{"inline_featured_image":false,"_exactmetrics_skip_tracking":false,"_exactmetrics_sitenote_active":false,"_exactmetrics_sitenote_note":"","_exactmetrics_sitenote_category":0,"footnotes":""},"categories":[98],"tags":[],"class_list":["post-11628","post","type-post","status-publish","format-standard","has-post-thumbnail","hentry","category-biographies"],"yoast_head":"<!-- This site is optimized with the Yoast SEO plugin v27.5 - https:\/\/yoast.com\/product\/yoast-seo-wordpress\/ -->\n<title>Biographies: The French philhellene Maxime Raybaud - \u0395\u03c4\u03b1\u03b9\u03c1\u03b5\u03af\u03b1 \u03b3\u03b9\u03b1 \u03c4\u03bf\u03bd \u0395\u03bb\u03bb\u03b7\u03bd\u03b9\u03c3\u03bc\u03cc \u03ba\u03b1\u03b9 \u03c4\u03bf\u03bd \u03a6\u03b9\u03bb\u03b5\u03bb\u03bb\u03b7\u03bd\u03b9\u03c3\u03bc\u03cc<\/title>\n<meta name=\"robots\" content=\"index, follow, max-snippet:-1, max-image-preview:large, max-video-preview:-1\" \/>\n<link rel=\"canonical\" href=\"https:\/\/www.eefshp.org\/en\/viografies-o-gallos-filellin-maxime-raybaud\/\" \/>\n<meta property=\"og:locale\" content=\"en_US\" \/>\n<meta property=\"og:type\" content=\"article\" \/>\n<meta property=\"og:title\" content=\"Biographies: The French philhellene Maxime Raybaud - \u0395\u03c4\u03b1\u03b9\u03c1\u03b5\u03af\u03b1 \u03b3\u03b9\u03b1 \u03c4\u03bf\u03bd \u0395\u03bb\u03bb\u03b7\u03bd\u03b9\u03c3\u03bc\u03cc \u03ba\u03b1\u03b9 \u03c4\u03bf\u03bd \u03a6\u03b9\u03bb\u03b5\u03bb\u03bb\u03b7\u03bd\u03b9\u03c3\u03bc\u03cc\" \/>\n<meta property=\"og:description\" content=\"&nbsp; &nbsp; &nbsp; Jean-Fran\u00e7ois Maxime Raybaud, a French officer, diplomat and writer, was born on 19 June 1795 in the town of La Colle in the province of Var in France and died in January 1894. He graduated from the Saint Cyr Military School and became a lieutenant of the artillery in the Army. He [&hellip;]\" \/>\n<meta property=\"og:url\" content=\"https:\/\/www.eefshp.org\/en\/viografies-o-gallos-filellin-maxime-raybaud\/\" \/>\n<meta property=\"og:site_name\" content=\"\u0395\u03c4\u03b1\u03b9\u03c1\u03b5\u03af\u03b1 \u03b3\u03b9\u03b1 \u03c4\u03bf\u03bd \u0395\u03bb\u03bb\u03b7\u03bd\u03b9\u03c3\u03bc\u03cc \u03ba\u03b1\u03b9 \u03c4\u03bf\u03bd \u03a6\u03b9\u03bb\u03b5\u03bb\u03bb\u03b7\u03bd\u03b9\u03c3\u03bc\u03cc\" \/>\n<meta property=\"article:published_time\" content=\"2020-02-19T17:13:30+00:00\" \/>\n<meta property=\"article:modified_time\" content=\"2020-09-04T07:47:13+00:00\" \/>\n<meta property=\"og:image\" content=\"https:\/\/www.eefshp.org\/wp-content\/uploads\/2020\/09\/Maxime-Raybaud_2.jpg\" \/>\n\t<meta property=\"og:image:width\" content=\"604\" \/>\n\t<meta property=\"og:image:height\" content=\"576\" \/>\n\t<meta property=\"og:image:type\" content=\"image\/jpeg\" \/>\n<meta name=\"author\" content=\"Admin\" \/>\n<meta name=\"twitter:card\" content=\"summary_large_image\" \/>\n<meta name=\"twitter:label1\" content=\"Written by\" \/>\n\t<meta name=\"twitter:data1\" content=\"Admin\" \/>\n\t<meta name=\"twitter:label2\" content=\"Est. reading time\" \/>\n\t<meta name=\"twitter:data2\" content=\"5 minutes\" \/>\n<script type=\"application\/ld+json\" class=\"yoast-schema-graph\">{\"@context\":\"https:\\\/\\\/schema.org\",\"@graph\":[{\"@type\":\"Article\",\"@id\":\"https:\\\/\\\/www.eefshp.org\\\/en\\\/viografies-o-gallos-filellin-maxime-raybaud\\\/#article\",\"isPartOf\":{\"@id\":\"https:\\\/\\\/www.eefshp.org\\\/en\\\/viografies-o-gallos-filellin-maxime-raybaud\\\/\"},\"author\":{\"name\":\"Admin\",\"@id\":\"https:\\\/\\\/www.eefshp.org\\\/#\\\/schema\\\/person\\\/326167d6a4192597b9caceb5ad7c3bcf\"},\"headline\":\"Biographies: The French philhellene Maxime Raybaud\",\"datePublished\":\"2020-02-19T17:13:30+00:00\",\"dateModified\":\"2020-09-04T07:47:13+00:00\",\"mainEntityOfPage\":{\"@id\":\"https:\\\/\\\/www.eefshp.org\\\/en\\\/viografies-o-gallos-filellin-maxime-raybaud\\\/\"},\"wordCount\":969,\"publisher\":{\"@id\":\"https:\\\/\\\/www.eefshp.org\\\/#organization\"},\"image\":{\"@id\":\"https:\\\/\\\/www.eefshp.org\\\/en\\\/viografies-o-gallos-filellin-maxime-raybaud\\\/#primaryimage\"},\"thumbnailUrl\":\"https:\\\/\\\/www.eefshp.org\\\/wp-content\\\/uploads\\\/2020\\\/09\\\/Maxime-Raybaud_2.jpg\",\"articleSection\":[\"Biographies\"],\"inLanguage\":\"en-US\"},{\"@type\":\"WebPage\",\"@id\":\"https:\\\/\\\/www.eefshp.org\\\/en\\\/viografies-o-gallos-filellin-maxime-raybaud\\\/\",\"url\":\"https:\\\/\\\/www.eefshp.org\\\/en\\\/viografies-o-gallos-filellin-maxime-raybaud\\\/\",\"name\":\"Biographies: The French philhellene Maxime Raybaud - \u0395\u03c4\u03b1\u03b9\u03c1\u03b5\u03af\u03b1 \u03b3\u03b9\u03b1 \u03c4\u03bf\u03bd \u0395\u03bb\u03bb\u03b7\u03bd\u03b9\u03c3\u03bc\u03cc \u03ba\u03b1\u03b9 \u03c4\u03bf\u03bd \u03a6\u03b9\u03bb\u03b5\u03bb\u03bb\u03b7\u03bd\u03b9\u03c3\u03bc\u03cc\",\"isPartOf\":{\"@id\":\"https:\\\/\\\/www.eefshp.org\\\/#website\"},\"primaryImageOfPage\":{\"@id\":\"https:\\\/\\\/www.eefshp.org\\\/en\\\/viografies-o-gallos-filellin-maxime-raybaud\\\/#primaryimage\"},\"image\":{\"@id\":\"https:\\\/\\\/www.eefshp.org\\\/en\\\/viografies-o-gallos-filellin-maxime-raybaud\\\/#primaryimage\"},\"thumbnailUrl\":\"https:\\\/\\\/www.eefshp.org\\\/wp-content\\\/uploads\\\/2020\\\/09\\\/Maxime-Raybaud_2.jpg\",\"datePublished\":\"2020-02-19T17:13:30+00:00\",\"dateModified\":\"2020-09-04T07:47:13+00:00\",\"breadcrumb\":{\"@id\":\"https:\\\/\\\/www.eefshp.org\\\/en\\\/viografies-o-gallos-filellin-maxime-raybaud\\\/#breadcrumb\"},\"inLanguage\":\"en-US\",\"potentialAction\":[{\"@type\":\"ReadAction\",\"target\":[\"https:\\\/\\\/www.eefshp.org\\\/en\\\/viografies-o-gallos-filellin-maxime-raybaud\\\/\"]}]},{\"@type\":\"ImageObject\",\"inLanguage\":\"en-US\",\"@id\":\"https:\\\/\\\/www.eefshp.org\\\/en\\\/viografies-o-gallos-filellin-maxime-raybaud\\\/#primaryimage\",\"url\":\"https:\\\/\\\/www.eefshp.org\\\/wp-content\\\/uploads\\\/2020\\\/09\\\/Maxime-Raybaud_2.jpg\",\"contentUrl\":\"https:\\\/\\\/www.eefshp.org\\\/wp-content\\\/uploads\\\/2020\\\/09\\\/Maxime-Raybaud_2.jpg\",\"width\":604,\"height\":576},{\"@type\":\"BreadcrumbList\",\"@id\":\"https:\\\/\\\/www.eefshp.org\\\/en\\\/viografies-o-gallos-filellin-maxime-raybaud\\\/#breadcrumb\",\"itemListElement\":[{\"@type\":\"ListItem\",\"position\":1,\"name\":\"Home\",\"item\":\"https:\\\/\\\/www.eefshp.org\\\/en\\\/\"},{\"@type\":\"ListItem\",\"position\":2,\"name\":\"Biographies: The French philhellene Maxime Raybaud\"}]},{\"@type\":\"WebSite\",\"@id\":\"https:\\\/\\\/www.eefshp.org\\\/#website\",\"url\":\"https:\\\/\\\/www.eefshp.org\\\/\",\"name\":\"\u0395\u03c4\u03b1\u03b9\u03c1\u03b5\u03af\u03b1 \u03b3\u03b9\u03b1 \u03c4\u03bf\u03bd \u0395\u03bb\u03bb\u03b7\u03bd\u03b9\u03c3\u03bc\u03cc \u03ba\u03b1\u03b9 \u03c4\u03bf\u03bd \u03a6\u03b9\u03bb\u03b5\u03bb\u03bb\u03b7\u03bd\u03b9\u03c3\u03bc\u03cc\",\"description\":\"\",\"publisher\":{\"@id\":\"https:\\\/\\\/www.eefshp.org\\\/#organization\"},\"potentialAction\":[{\"@type\":\"SearchAction\",\"target\":{\"@type\":\"EntryPoint\",\"urlTemplate\":\"https:\\\/\\\/www.eefshp.org\\\/?s={search_term_string}\"},\"query-input\":{\"@type\":\"PropertyValueSpecification\",\"valueRequired\":true,\"valueName\":\"search_term_string\"}}],\"inLanguage\":\"en-US\"},{\"@type\":\"Organization\",\"@id\":\"https:\\\/\\\/www.eefshp.org\\\/#organization\",\"name\":\"\u0395\u03c4\u03b1\u03b9\u03c1\u03b5\u03af\u03b1 \u03b3\u03b9\u03b1 \u03c4\u03bf\u03bd \u0395\u03bb\u03bb\u03b7\u03bd\u03b9\u03c3\u03bc\u03cc \u03ba\u03b1\u03b9 \u03c4\u03bf\u03bd \u03a6\u03b9\u03bb\u03b5\u03bb\u03bb\u03b7\u03bd\u03b9\u03c3\u03bc\u03cc\",\"url\":\"https:\\\/\\\/www.eefshp.org\\\/\",\"logo\":{\"@type\":\"ImageObject\",\"inLanguage\":\"en-US\",\"@id\":\"https:\\\/\\\/www.eefshp.org\\\/#\\\/schema\\\/logo\\\/image\\\/\",\"url\":\"https:\\\/\\\/www.eefshp.org\\\/wp-content\\\/uploads\\\/2019\\\/04\\\/logo_eefshp_80h_EL.png\",\"contentUrl\":\"https:\\\/\\\/www.eefshp.org\\\/wp-content\\\/uploads\\\/2019\\\/04\\\/logo_eefshp_80h_EL.png\",\"width\":358,\"height\":80,\"caption\":\"\u0395\u03c4\u03b1\u03b9\u03c1\u03b5\u03af\u03b1 \u03b3\u03b9\u03b1 \u03c4\u03bf\u03bd \u0395\u03bb\u03bb\u03b7\u03bd\u03b9\u03c3\u03bc\u03cc \u03ba\u03b1\u03b9 \u03c4\u03bf\u03bd \u03a6\u03b9\u03bb\u03b5\u03bb\u03bb\u03b7\u03bd\u03b9\u03c3\u03bc\u03cc\"},\"image\":{\"@id\":\"https:\\\/\\\/www.eefshp.org\\\/#\\\/schema\\\/logo\\\/image\\\/\"}},{\"@type\":\"Person\",\"@id\":\"https:\\\/\\\/www.eefshp.org\\\/#\\\/schema\\\/person\\\/326167d6a4192597b9caceb5ad7c3bcf\",\"name\":\"Admin\",\"image\":{\"@type\":\"ImageObject\",\"inLanguage\":\"en-US\",\"@id\":\"https:\\\/\\\/secure.gravatar.com\\\/avatar\\\/03a7fe73b46c2784bfc2a598115ccc6614d58eb407e06183a7afe5e50bcc56fa?s=96&d=mm&r=g\",\"url\":\"https:\\\/\\\/secure.gravatar.com\\\/avatar\\\/03a7fe73b46c2784bfc2a598115ccc6614d58eb407e06183a7afe5e50bcc56fa?s=96&d=mm&r=g\",\"contentUrl\":\"https:\\\/\\\/secure.gravatar.com\\\/avatar\\\/03a7fe73b46c2784bfc2a598115ccc6614d58eb407e06183a7afe5e50bcc56fa?s=96&d=mm&r=g\",\"caption\":\"Admin\"}}]}<\/script>\n<!-- \/ Yoast SEO plugin. -->","yoast_head_json":{"title":"Biographies: The French philhellene Maxime Raybaud - \u0395\u03c4\u03b1\u03b9\u03c1\u03b5\u03af\u03b1 \u03b3\u03b9\u03b1 \u03c4\u03bf\u03bd \u0395\u03bb\u03bb\u03b7\u03bd\u03b9\u03c3\u03bc\u03cc \u03ba\u03b1\u03b9 \u03c4\u03bf\u03bd \u03a6\u03b9\u03bb\u03b5\u03bb\u03bb\u03b7\u03bd\u03b9\u03c3\u03bc\u03cc","robots":{"index":"index","follow":"follow","max-snippet":"max-snippet:-1","max-image-preview":"max-image-preview:large","max-video-preview":"max-video-preview:-1"},"canonical":"https:\/\/www.eefshp.org\/en\/viografies-o-gallos-filellin-maxime-raybaud\/","og_locale":"en_US","og_type":"article","og_title":"Biographies: The French philhellene Maxime Raybaud - \u0395\u03c4\u03b1\u03b9\u03c1\u03b5\u03af\u03b1 \u03b3\u03b9\u03b1 \u03c4\u03bf\u03bd \u0395\u03bb\u03bb\u03b7\u03bd\u03b9\u03c3\u03bc\u03cc \u03ba\u03b1\u03b9 \u03c4\u03bf\u03bd \u03a6\u03b9\u03bb\u03b5\u03bb\u03bb\u03b7\u03bd\u03b9\u03c3\u03bc\u03cc","og_description":"&nbsp; &nbsp; &nbsp; Jean-Fran\u00e7ois Maxime Raybaud, a French officer, diplomat and writer, was born on 19 June 1795 in the town of La Colle in the province of Var in France and died in January 1894. He graduated from the Saint Cyr Military School and became a lieutenant of the artillery in the Army. He [&hellip;]","og_url":"https:\/\/www.eefshp.org\/en\/viografies-o-gallos-filellin-maxime-raybaud\/","og_site_name":"\u0395\u03c4\u03b1\u03b9\u03c1\u03b5\u03af\u03b1 \u03b3\u03b9\u03b1 \u03c4\u03bf\u03bd \u0395\u03bb\u03bb\u03b7\u03bd\u03b9\u03c3\u03bc\u03cc \u03ba\u03b1\u03b9 \u03c4\u03bf\u03bd \u03a6\u03b9\u03bb\u03b5\u03bb\u03bb\u03b7\u03bd\u03b9\u03c3\u03bc\u03cc","article_published_time":"2020-02-19T17:13:30+00:00","article_modified_time":"2020-09-04T07:47:13+00:00","og_image":[{"width":604,"height":576,"url":"https:\/\/www.eefshp.org\/wp-content\/uploads\/2020\/09\/Maxime-Raybaud_2.jpg","type":"image\/jpeg"}],"author":"Admin","twitter_card":"summary_large_image","twitter_misc":{"Written by":"Admin","Est. reading time":"5 minutes"},"schema":{"@context":"https:\/\/schema.org","@graph":[{"@type":"Article","@id":"https:\/\/www.eefshp.org\/en\/viografies-o-gallos-filellin-maxime-raybaud\/#article","isPartOf":{"@id":"https:\/\/www.eefshp.org\/en\/viografies-o-gallos-filellin-maxime-raybaud\/"},"author":{"name":"Admin","@id":"https:\/\/www.eefshp.org\/#\/schema\/person\/326167d6a4192597b9caceb5ad7c3bcf"},"headline":"Biographies: The French philhellene Maxime Raybaud","datePublished":"2020-02-19T17:13:30+00:00","dateModified":"2020-09-04T07:47:13+00:00","mainEntityOfPage":{"@id":"https:\/\/www.eefshp.org\/en\/viografies-o-gallos-filellin-maxime-raybaud\/"},"wordCount":969,"publisher":{"@id":"https:\/\/www.eefshp.org\/#organization"},"image":{"@id":"https:\/\/www.eefshp.org\/en\/viografies-o-gallos-filellin-maxime-raybaud\/#primaryimage"},"thumbnailUrl":"https:\/\/www.eefshp.org\/wp-content\/uploads\/2020\/09\/Maxime-Raybaud_2.jpg","articleSection":["Biographies"],"inLanguage":"en-US"},{"@type":"WebPage","@id":"https:\/\/www.eefshp.org\/en\/viografies-o-gallos-filellin-maxime-raybaud\/","url":"https:\/\/www.eefshp.org\/en\/viografies-o-gallos-filellin-maxime-raybaud\/","name":"Biographies: The French philhellene Maxime Raybaud - \u0395\u03c4\u03b1\u03b9\u03c1\u03b5\u03af\u03b1 \u03b3\u03b9\u03b1 \u03c4\u03bf\u03bd \u0395\u03bb\u03bb\u03b7\u03bd\u03b9\u03c3\u03bc\u03cc \u03ba\u03b1\u03b9 \u03c4\u03bf\u03bd \u03a6\u03b9\u03bb\u03b5\u03bb\u03bb\u03b7\u03bd\u03b9\u03c3\u03bc\u03cc","isPartOf":{"@id":"https:\/\/www.eefshp.org\/#website"},"primaryImageOfPage":{"@id":"https:\/\/www.eefshp.org\/en\/viografies-o-gallos-filellin-maxime-raybaud\/#primaryimage"},"image":{"@id":"https:\/\/www.eefshp.org\/en\/viografies-o-gallos-filellin-maxime-raybaud\/#primaryimage"},"thumbnailUrl":"https:\/\/www.eefshp.org\/wp-content\/uploads\/2020\/09\/Maxime-Raybaud_2.jpg","datePublished":"2020-02-19T17:13:30+00:00","dateModified":"2020-09-04T07:47:13+00:00","breadcrumb":{"@id":"https:\/\/www.eefshp.org\/en\/viografies-o-gallos-filellin-maxime-raybaud\/#breadcrumb"},"inLanguage":"en-US","potentialAction":[{"@type":"ReadAction","target":["https:\/\/www.eefshp.org\/en\/viografies-o-gallos-filellin-maxime-raybaud\/"]}]},{"@type":"ImageObject","inLanguage":"en-US","@id":"https:\/\/www.eefshp.org\/en\/viografies-o-gallos-filellin-maxime-raybaud\/#primaryimage","url":"https:\/\/www.eefshp.org\/wp-content\/uploads\/2020\/09\/Maxime-Raybaud_2.jpg","contentUrl":"https:\/\/www.eefshp.org\/wp-content\/uploads\/2020\/09\/Maxime-Raybaud_2.jpg","width":604,"height":576},{"@type":"BreadcrumbList","@id":"https:\/\/www.eefshp.org\/en\/viografies-o-gallos-filellin-maxime-raybaud\/#breadcrumb","itemListElement":[{"@type":"ListItem","position":1,"name":"Home","item":"https:\/\/www.eefshp.org\/en\/"},{"@type":"ListItem","position":2,"name":"Biographies: The French philhellene Maxime Raybaud"}]},{"@type":"WebSite","@id":"https:\/\/www.eefshp.org\/#website","url":"https:\/\/www.eefshp.org\/","name":"\u0395\u03c4\u03b1\u03b9\u03c1\u03b5\u03af\u03b1 \u03b3\u03b9\u03b1 \u03c4\u03bf\u03bd \u0395\u03bb\u03bb\u03b7\u03bd\u03b9\u03c3\u03bc\u03cc \u03ba\u03b1\u03b9 \u03c4\u03bf\u03bd \u03a6\u03b9\u03bb\u03b5\u03bb\u03bb\u03b7\u03bd\u03b9\u03c3\u03bc\u03cc","description":"","publisher":{"@id":"https:\/\/www.eefshp.org\/#organization"},"potentialAction":[{"@type":"SearchAction","target":{"@type":"EntryPoint","urlTemplate":"https:\/\/www.eefshp.org\/?s={search_term_string}"},"query-input":{"@type":"PropertyValueSpecification","valueRequired":true,"valueName":"search_term_string"}}],"inLanguage":"en-US"},{"@type":"Organization","@id":"https:\/\/www.eefshp.org\/#organization","name":"\u0395\u03c4\u03b1\u03b9\u03c1\u03b5\u03af\u03b1 \u03b3\u03b9\u03b1 \u03c4\u03bf\u03bd \u0395\u03bb\u03bb\u03b7\u03bd\u03b9\u03c3\u03bc\u03cc \u03ba\u03b1\u03b9 \u03c4\u03bf\u03bd \u03a6\u03b9\u03bb\u03b5\u03bb\u03bb\u03b7\u03bd\u03b9\u03c3\u03bc\u03cc","url":"https:\/\/www.eefshp.org\/","logo":{"@type":"ImageObject","inLanguage":"en-US","@id":"https:\/\/www.eefshp.org\/#\/schema\/logo\/image\/","url":"https:\/\/www.eefshp.org\/wp-content\/uploads\/2019\/04\/logo_eefshp_80h_EL.png","contentUrl":"https:\/\/www.eefshp.org\/wp-content\/uploads\/2019\/04\/logo_eefshp_80h_EL.png","width":358,"height":80,"caption":"\u0395\u03c4\u03b1\u03b9\u03c1\u03b5\u03af\u03b1 \u03b3\u03b9\u03b1 \u03c4\u03bf\u03bd \u0395\u03bb\u03bb\u03b7\u03bd\u03b9\u03c3\u03bc\u03cc \u03ba\u03b1\u03b9 \u03c4\u03bf\u03bd \u03a6\u03b9\u03bb\u03b5\u03bb\u03bb\u03b7\u03bd\u03b9\u03c3\u03bc\u03cc"},"image":{"@id":"https:\/\/www.eefshp.org\/#\/schema\/logo\/image\/"}},{"@type":"Person","@id":"https:\/\/www.eefshp.org\/#\/schema\/person\/326167d6a4192597b9caceb5ad7c3bcf","name":"Admin","image":{"@type":"ImageObject","inLanguage":"en-US","@id":"https:\/\/secure.gravatar.com\/avatar\/03a7fe73b46c2784bfc2a598115ccc6614d58eb407e06183a7afe5e50bcc56fa?s=96&d=mm&r=g","url":"https:\/\/secure.gravatar.com\/avatar\/03a7fe73b46c2784bfc2a598115ccc6614d58eb407e06183a7afe5e50bcc56fa?s=96&d=mm&r=g","contentUrl":"https:\/\/secure.gravatar.com\/avatar\/03a7fe73b46c2784bfc2a598115ccc6614d58eb407e06183a7afe5e50bcc56fa?s=96&d=mm&r=g","caption":"Admin"}}]}},"_links":{"self":[{"href":"https:\/\/www.eefshp.org\/en\/wp-json\/wp\/v2\/posts\/11628","targetHints":{"allow":["GET"]}}],"collection":[{"href":"https:\/\/www.eefshp.org\/en\/wp-json\/wp\/v2\/posts"}],"about":[{"href":"https:\/\/www.eefshp.org\/en\/wp-json\/wp\/v2\/types\/post"}],"author":[{"embeddable":true,"href":"https:\/\/www.eefshp.org\/en\/wp-json\/wp\/v2\/users\/10"}],"replies":[{"embeddable":true,"href":"https:\/\/www.eefshp.org\/en\/wp-json\/wp\/v2\/comments?post=11628"}],"version-history":[{"count":6,"href":"https:\/\/www.eefshp.org\/en\/wp-json\/wp\/v2\/posts\/11628\/revisions"}],"predecessor-version":[{"id":13938,"href":"https:\/\/www.eefshp.org\/en\/wp-json\/wp\/v2\/posts\/11628\/revisions\/13938"}],"wp:featuredmedia":[{"embeddable":true,"href":"https:\/\/www.eefshp.org\/en\/wp-json\/wp\/v2\/media\/13936"}],"wp:attachment":[{"href":"https:\/\/www.eefshp.org\/en\/wp-json\/wp\/v2\/media?parent=11628"}],"wp:term":[{"taxonomy":"category","embeddable":true,"href":"https:\/\/www.eefshp.org\/en\/wp-json\/wp\/v2\/categories?post=11628"},{"taxonomy":"post_tag","embeddable":true,"href":"https:\/\/www.eefshp.org\/en\/wp-json\/wp\/v2\/tags?post=11628"}],"curies":[{"name":"wp","href":"https:\/\/api.w.org\/{rel}","templated":true}]}}