{"id":12218,"date":"2020-04-25T10:01:10","date_gmt":"2020-04-25T08:01:10","guid":{"rendered":"https:\/\/www.eefshp.org\/?p=12218"},"modified":"2020-04-24T17:46:28","modified_gmt":"2020-04-24T15:46:28","slug":"aygoystos-maximilianos-myhrberg-1797-1867-soyidos-finlandos-filellinas-symmeteiche-se-polles-maches-kata-ti-diarkeia-toy-agona-tis-ellinikis-anexartisias-dioikitis-toy-froyrioy-sto-palamidi-kai-exidan","status":"publish","type":"post","link":"https:\/\/www.eefshp.org\/en\/aygoystos-maximilianos-myhrberg-1797-1867-soyidos-finlandos-filellinas-symmeteiche-se-polles-maches-kata-ti-diarkeia-toy-agona-tis-ellinikis-anexartisias-dioikitis-toy-froyrioy-sto-palamidi-kai-exidan\/","title":{"rendered":"August Maximillian Myhrberg (1797\u20131867): Swedish-Finnish Philhellene, participant in numerous battles during the Greek War of Independence, Commandant of the Palamidi Fort and idealised figurehead as a model freedom fighter in Scandinavia"},"content":{"rendered":"<p>&nbsp;<\/p>\n<div id=\"attachment_12198\" style=\"width: 309px\" class=\"wp-caption aligncenter\"><img loading=\"lazy\" decoding=\"async\" aria-describedby=\"caption-attachment-12198\" class=\" wp-image-12198\" src=\"https:\/\/www.eefshp.org\/wp-content\/uploads\/2020\/04\/August-Maximillian-Myhrberg-1.jpg\" alt=\"\" width=\"299\" height=\"393\" srcset=\"https:\/\/www.eefshp.org\/wp-content\/uploads\/2020\/04\/August-Maximillian-Myhrberg-1.jpg 614w, https:\/\/www.eefshp.org\/wp-content\/uploads\/2020\/04\/August-Maximillian-Myhrberg-1-229x300.jpg 229w, https:\/\/www.eefshp.org\/wp-content\/uploads\/2020\/04\/August-Maximillian-Myhrberg-1-537x705.jpg 537w, https:\/\/www.eefshp.org\/wp-content\/uploads\/2020\/04\/August-Maximillian-Myhrberg-1-450x591.jpg 450w\" sizes=\"auto, (max-width: 299px) 100vw, 299px\" \/><p id=\"caption-attachment-12198\" class=\"wp-caption-text\"><em>August Maximilian Myhrberg (lithograph, 1850\u2019s)<\/em><\/p><\/div>\n<p>&nbsp;<\/p>\n<p>August Maximilian Myhrberg was one of the two philhellenes who were born in Finland. He was born in 1797 in Raahe, a town on the west coast of Finland. Official documents most often refer to him named as a Swede, but the legend of his life, especially in relation to philhellenism, was linked to Finnish national awakening, particularly during the latter part of the nineteenth century.<\/p>\n<p>After attending the local primary school in Finland, Myhrberg was sent to Uppsala in Sweden, first to a boarding school, and thereafter, in June 1815, to enrol in the university. We are told that he cherished interest in history and that he was well-versed in ancient Greek mythology, thanks to his mother Christina. In 1820 he left behind his academic studies to complete a general military service in Sweden, in order to fulfil his wish of becoming a soldier.<\/p>\n<p>He left Sweden in 1823 to start a career as a freedom fighter which lasted more than a decade. His dream of becoming a freedom fighter could have resonated from Myhrberg\u2019s admiration of Napoleon and was perhaps triggered by the news about the revolutions in South America, Spain, Italy and Greece. The motives behind Myhrberg\u2019s decision to join the Greek War of Independence, were a combination of idealism and youthful desire for adventure, although it is difficult to glean the real reasons from the later biographical narrative which was often prone to idealisation of the historical reasons for the sake of other, circumstantial ideas. However, it is possible to follow the path of the soldier Myhrberg and his route to Greece, via Spain and France, in the light of the archival material and to reconstruct his philhellenic career in Greece from 1825 to 1831 (although the historical record does not always concord with what is told in the heroicised \u2018legend\u2019 about the life of the freedom-fighter).<\/p>\n<p>Myhrberg was recruited in Marseille to Colonel Charles Fabvier\u2019s cavalry as a soldier and started his philhellenic career in Greece in 1825 in Colonel Regnault de St. Jean d\u2019Angely\u2019s cavalry. Over the following six years Myhrberg spent in Greece, he rose in rank, served as an aid-de-camp of Fabvier, Major-General Thomas Gordon, Colonel Karl Wilhelm von Heideck and ended up to hold a position of the Commandant of the Palamidi fortress in Nauplion for one and half years (1829-31).<\/p>\n<p>He attended the following battles and campaigns:<\/p>\n<p>&#8211; at Euboea (1826),<\/p>\n<p>&#8211; at Chaidari (1826 and 1827) for relieving the sieged Athens, where he was wounded,<\/p>\n<p>&#8211; at Cape Colias (for which he left a preserved first-hand letter-account in the BSA Finlay-archives in Athens),<\/p>\n<p>&#8211; at the land operation of Phaleron (1827), and<\/p>\n<p>&#8211; at the campaign on Chios (1827-28).<\/p>\n<p>In addition, Myhrberg is told in the legend of his life to have been present in Missolonghi guarding Byron\u2019s front door when the Lord died in April 1824, and at the Acropolis in Athens during its seize in 1826-27. These last two episodes are part of the legendary biography of Myhrberg. These bibliographical details are historically impossible, but historiographically significant. In 1829 Governor Capodistrias nominated Captain Myhrberg Commandant of the Palamidi fortress in Nauplion.<\/p>\n<div id=\"attachment_12200\" style=\"width: 272px\" class=\"wp-caption aligncenter\"><img loading=\"lazy\" decoding=\"async\" aria-describedby=\"caption-attachment-12200\" class=\" wp-image-12200\" src=\"https:\/\/www.eefshp.org\/wp-content\/uploads\/2020\/04\/August-Maximillian-Myhrberg-2.jpg\" alt=\"\" width=\"262\" height=\"367\" srcset=\"https:\/\/www.eefshp.org\/wp-content\/uploads\/2020\/04\/August-Maximillian-Myhrberg-2.jpg 603w, https:\/\/www.eefshp.org\/wp-content\/uploads\/2020\/04\/August-Maximillian-Myhrberg-2-214x300.jpg 214w, https:\/\/www.eefshp.org\/wp-content\/uploads\/2020\/04\/August-Maximillian-Myhrberg-2-504x705.jpg 504w, https:\/\/www.eefshp.org\/wp-content\/uploads\/2020\/04\/August-Maximillian-Myhrberg-2-450x630.jpg 450w\" sizes=\"auto, (max-width: 262px) 100vw, 262px\" \/><p id=\"caption-attachment-12200\" class=\"wp-caption-text\"><em>Nomination letter for Myhrberg\u2019s position as the Commandant of Palamidi signed on behalf of <\/em><em>Governor <\/em><em>Capodistrias by General Pisa (Swedish National Archives: Maximilian Myhrberg).<\/em><\/p><\/div>\n<p>In 1831, Myhrberg left Greece and planned to volunteer as a freedom fighter in Poland\u2019s uprising against Russia. Whether he took part in the Polish struggle is uncertain, although we have plenty of heroicising stories about his deeds in Poland and in France, where Myhrberg seems to have spent a fair deal of the 1830\u2019s after his philhellenic career. In 1834 Myhrberg was decorated with the Greek Croix de Chevalier en argent de Ordre Royal du Saviour by King Othon (Historical Archives of the Ministry of Foreign Affairs, Athens 42.113 dated in Athens 15\/27 March 1835). The King of Sweden nominated him Major, in 1842 and granted him the title of Knight of the Order of the Swords. From the summer of 1843 Myhrberg spent almost five years as the Secretary of the Council on the island of St. Barth\u00e9lemy in the West Indies, an island which was a Swedish Colony and free port until 1878. Myhrberg died in Stockholm in 31 March 1867 and was granted an official Swedish state burial, with full military honours at the Johannes Church graveyard in central Stockholm.<\/p>\n<p>A wealth of different types of primary sources provide us with knowledge about the Philhellene Myhrberg. Archival material with numerous letter correspondence, including many letters of recommendations by his superiors, are deposited in the archives in Sweden, Finland, Greece and France. They mostly give factual information on historical Myhrberg regardless of preserved material written by Myhrberg himself being scanty. He left four different testimonials about his life, but even within and between the testimonials there is conflicting and incompatible information, particularly as compared to the official Greek testimonial. This was probably provided shortly before he left the country in 1831 or sent to him later together with, for example, the decoration of the Order of the Redeemer and its certificates (Swedish National Archives, Stockholm: Maximilian Myhrberg).<\/p>\n<div id=\"attachment_12202\" style=\"width: 264px\" class=\"wp-caption aligncenter\"><img loading=\"lazy\" decoding=\"async\" aria-describedby=\"caption-attachment-12202\" class=\" wp-image-12202\" src=\"https:\/\/www.eefshp.org\/wp-content\/uploads\/2020\/04\/August-Maximillian-Myhrberg-3.jpg\" alt=\"\" width=\"254\" height=\"358\" srcset=\"https:\/\/www.eefshp.org\/wp-content\/uploads\/2020\/04\/August-Maximillian-Myhrberg-3.jpg 569w, https:\/\/www.eefshp.org\/wp-content\/uploads\/2020\/04\/August-Maximillian-Myhrberg-3-213x300.jpg 213w, https:\/\/www.eefshp.org\/wp-content\/uploads\/2020\/04\/August-Maximillian-Myhrberg-3-500x705.jpg 500w, https:\/\/www.eefshp.org\/wp-content\/uploads\/2020\/04\/August-Maximillian-Myhrberg-3-450x634.jpg 450w\" sizes=\"auto, (max-width: 254px) 100vw, 254px\" \/><p id=\"caption-attachment-12202\" class=\"wp-caption-text\"><em>Greek testimonial on Myhrberg\u2019s philhellenic career in Greece <\/em><br \/><em>(Swedish National Archives: Maximilian Myhrberg)<\/em><\/p><\/div>\n<p>A great number of newspaper articles from the Finnish and Swedish press from the 1820s to the present day, recount mostly the endeavours of legendary Myhrberg. Most of them were written soon after his death and as such they contribute to the development of the narrative about him. There is a handful of relatively early first-hand accounts or memoirs of the Philhellene by those who knew him. By the latter part of the nineteenth century the first separate biographies about Myhrberg\u2019s life were written in Finland and Sweden. In addition to these, there are adventure stories (particularly \u2018for boys\u2019), some epic poetry and even a recent fictional novel.<\/p>\n<div id=\"attachment_12204\" style=\"width: 266px\" class=\"wp-caption aligncenter\"><img loading=\"lazy\" decoding=\"async\" aria-describedby=\"caption-attachment-12204\" class=\" wp-image-12204\" src=\"https:\/\/www.eefshp.org\/wp-content\/uploads\/2020\/04\/August-Maximillian-Myhrberg-4.jpg\" alt=\"\" width=\"256\" height=\"357\" srcset=\"https:\/\/www.eefshp.org\/wp-content\/uploads\/2020\/04\/August-Maximillian-Myhrberg-4.jpg 564w, https:\/\/www.eefshp.org\/wp-content\/uploads\/2020\/04\/August-Maximillian-Myhrberg-4-215x300.jpg 215w, https:\/\/www.eefshp.org\/wp-content\/uploads\/2020\/04\/August-Maximillian-Myhrberg-4-505x705.jpg 505w, https:\/\/www.eefshp.org\/wp-content\/uploads\/2020\/04\/August-Maximillian-Myhrberg-4-450x628.jpg 450w\" sizes=\"auto, (max-width: 256px) 100vw, 256px\" \/><p id=\"caption-attachment-12204\" class=\"wp-caption-text\"><em>Cover of \u2018adventure stories for boys\u2019, Arvid Lydecken Murad Bey \u201cRaahen poika\u201d. Suomalaisen vapaustaistelijan seikkailuja Kreikassa (1935) (Murad Bey \u201cThe Boy from Raahe\u201d. Finnish Freedom Fighter\u2019s Adventures in Greece)<\/em><\/p><\/div>\n<p>Among the authors of the different accounts about Myhrberg we have a gallery of the most prominent figureheads in the history of Finland. For example, the national philosopher J.V. Snellman, the poet Johan Ludwig Runeberg, the journalist and writer Zacharias Topelius (who wrote the well-known story \u2019A Boy from Raahe\u2019), and the poet and cultural figurehead Fredrik Cygnaeus.<\/p>\n<p>Myhrberg\u2019s heroic reputation was developed through the less formal practices of social, cultural and political life, story-telling, gossip, news reporting, and circulation of literature about his adventures in newspapers. Heroicising biographies of Myhrberg appear in more codified form in his obituaries, in the state funeral he received and later in speeches given in his honour.<\/p>\n<p>Finally, Myhrberg\u2019s life, more or less legendarised and mythicised, was used continuously for public enlightenment where his activities and idealised persona were adopted as a model for a morally right, unselfish, and noble way of life particularly in the process of building a national myth. In this way legend of his life, especially in relation to philhellenism, was linked to Finnish national awakening particularly during the latter part of the nineteenth century. Myhrberg became, indeed, one of the most legendary figures in early modern Finnish history.<\/p>\n<div id=\"attachment_12207\" style=\"width: 380px\" class=\"wp-caption aligncenter\"><img loading=\"lazy\" decoding=\"async\" aria-describedby=\"caption-attachment-12207\" class=\" wp-image-12207\" src=\"https:\/\/www.eefshp.org\/wp-content\/uploads\/2020\/04\/August-Maximillian-Myhrberg-5-e1587743029887.jpg\" alt=\"\" width=\"370\" height=\"288\" srcset=\"https:\/\/www.eefshp.org\/wp-content\/uploads\/2020\/04\/August-Maximillian-Myhrberg-5-e1587743029887.jpg 673w, https:\/\/www.eefshp.org\/wp-content\/uploads\/2020\/04\/August-Maximillian-Myhrberg-5-e1587743029887-300x234.jpg 300w, https:\/\/www.eefshp.org\/wp-content\/uploads\/2020\/04\/August-Maximillian-Myhrberg-5-e1587743029887-450x350.jpg 450w\" sizes=\"auto, (max-width: 370px) 100vw, 370px\" \/><p id=\"caption-attachment-12207\" class=\"wp-caption-text\"><em>Myhrberg\u2019s funeral 6 April 1867, Stockholm, cover of Ny Illustrerad Tidning, 20 April 1867.<\/em><\/p><\/div>\n<div id=\"attachment_12208\" style=\"width: 248px\" class=\"wp-caption aligncenter\"><img loading=\"lazy\" decoding=\"async\" aria-describedby=\"caption-attachment-12208\" class=\" wp-image-12208\" src=\"https:\/\/www.eefshp.org\/wp-content\/uploads\/2020\/04\/August-Maximillian-Myhrberg-6.jpg\" alt=\"\" width=\"238\" height=\"317\" srcset=\"https:\/\/www.eefshp.org\/wp-content\/uploads\/2020\/04\/August-Maximillian-Myhrberg-6.jpg 250w, https:\/\/www.eefshp.org\/wp-content\/uploads\/2020\/04\/August-Maximillian-Myhrberg-6-225x300.jpg 225w\" sizes=\"auto, (max-width: 238px) 100vw, 238px\" \/><p id=\"caption-attachment-12208\" class=\"wp-caption-text\"><em>Myhrberg Tomb in St. John&#8217;s Church Cemetery in Stockholm.<\/em><\/p><\/div>\n<p>&nbsp;<\/p>\n<p>Petra Pakkanen<\/p>\n<p>&nbsp;<\/p>\n<p><strong>Addition by SHP:<\/strong><\/p>\n<p>SHP has in its archive a very important recommendation letter, issued by the Philhellene General Charles Nicolas Fabvier, on August Maximilian Myhrberg. In this letter, General Fabvier refers to Myhrberg as <em>&#8220;intr\u00e9pide et un homme de premier rang&#8221; (&#8220;fearless and a man of the first rank&#8221;). <\/em>He also states\u00a0:<em> &#8220;Le soussign\u00e9 d\u00e9clare que Mr. Myrberg, su\u00e9dois, a servi sous mes ordres en Gr\u00e8ce avec [.] une bravoure et un d\u00e9sint\u00e9ressement digne des plus grandes \u00e9loges, qu&#8217;ayant voulu d\u00e8s son arriv\u00e9e en 1824 donner le noble et utile exemple de s&#8217;enr\u00f4ler comme simple Cavalier il acquit tous les grades jusqu&#8217;\u00e0 celui de Capitaine par son seul m\u00e9rite, enfin que tous les \u00e9trangers qui ont servi sous mes Ordres en Gr\u00e8ce, nul mieux que Mr. Myrberg n&#8217;a m\u00e9rit\u00e9 l&#8217;estime et l&#8217;amiti\u00e9 des habitantes et des Soldats [.]&#8221;. <\/em><em>(<\/em>English translation:<em> &#8220;The undersigned declares that Mr. Myrberg, Swedish, served under my orders in Greece with [.] A bravery and a disinterestedness worthy of the highest praise, that having wanted from his arrival in 1824 to give the noble and useful example of s to enlist as a simple Cavalier he acquired all the ranks up to that of Captain by his sole merit, finally that all the foreigners who served under my Orders in Greece, no better than Mr. Myrberg deserved the esteem and l friendship of the inhabitants and the soldiers [.] <\/em><em>&#8220;.)<\/em><\/p>\n<div id=\"attachment_12210\" style=\"width: 261px\" class=\"wp-caption aligncenter\"><img loading=\"lazy\" decoding=\"async\" aria-describedby=\"caption-attachment-12210\" class=\" wp-image-12210\" src=\"https:\/\/www.eefshp.org\/wp-content\/uploads\/2020\/04\/August-Maximillian-Myhrberg-7.jpg\" alt=\"\" width=\"251\" height=\"381\" srcset=\"https:\/\/www.eefshp.org\/wp-content\/uploads\/2020\/04\/August-Maximillian-Myhrberg-7.jpg 439w, https:\/\/www.eefshp.org\/wp-content\/uploads\/2020\/04\/August-Maximillian-Myhrberg-7-197x300.jpg 197w\" sizes=\"auto, (max-width: 251px) 100vw, 251px\" \/><p id=\"caption-attachment-12210\" class=\"wp-caption-text\"><em>Handwritten letter of General Fabvier, attesting the work and contribution of the great Finnish philhellene August Maximilian Myhrberg (1797-1867), SHP Collection. Fabvier refers to him as a brave, selfless man who served in the Cavalry of the Regular Corps with the rank of Captain.<\/em><\/p><\/div>\n<p>The SHP and the people of Greece, pay homage to this great Philhellene, who contributed significantly to the liberation of Greece, and to the universal ideals that Hellenism advocates.<\/p>\n<p>&nbsp;<\/p>\n<p><strong>SOURCES AND BIBLIOGRAPHY:<\/strong><\/p>\n<ul>\n<li>Bruun, Patrick 1963. \u2018August Maximilian Myhrberg. Legend och verklighet\u2019, <em>Skrifter utgivna av svenska litteraturs\u00e4llskapet i Finland<\/em> 399 (<em>Historiska och litteraturhistoriska studier<\/em> 38), Helsingfors: SLS, 145\u2013221.<\/li>\n<li>Bruun, Patrick 1966. \u2018Myhrberg i Grekland\u2019, <em>Skrifter utgivna av svenska litteraturs\u00e4llskapet i Finland<\/em> 413 (<em>Historiska och litteraturhistoriska studier <\/em>41), Helsingfors 1966: SLS, 133\u2013173.<\/li>\n<li>Cederberg, Eino 1928. <em>August Maksimilian Myrberg. Suomalaisen vapaustaistelijan el\u00e4m\u00e4ntarina<\/em>, Helsinki: Kirja.<\/li>\n<li>Cygnaeus, Fredrik 1867. \u2018Om A.M. Myhrberg\u2019, <em>Huvudstadsbladet<\/em> no. 89, 16 April 1867.<\/li>\n<li>J\u00e4gerski\u00f6ld, S. 1987\u201389. <em>s.v.<\/em> \u2018Myhrberg, August Maximilian\u2019 in <em>Svensk biografiskt lexikon under redaktion av G. Nilz\u00e9n<\/em>, vol. 26, Stockholm: Bonnier.<\/li>\n<li>Krohn, Julius 1875 (1887). <em>En finsk krigarens lefnads\u00f6den. Maximilian August Myhrbergs biografi<\/em>, Stockholm: Carl Suneson.<\/li>\n<li>Lydecken, Arvid 1935. <em>Murad Bey \u201cRaahen poika\u201d. Suomalaisen vapaustaistelijan seikkailuja Kreikassa<\/em> (Poikien seikkailukirjasto 61), Helsinki: Otava.<\/li>\n<li>Pakkanen, Petra 2006. <em>August Myhrberg and North-European Philhellenism. Building the Myth of a Hero<\/em> (Papers and Monographs of the Finnish Institute at Athens 10), Helsinki: Finnish Institute at Athens.<\/li>\n<li>Pakkanen, Petra 2008. \u2018Role of philhellenism and image of Greece in nineteenth-century nation-building of Finland\u2019, in Konstantinou, E. (ed.), <em>Das Bild Griechenlands im Spiegel der V\u00f6lker bis 18 Jahrhunderts<\/em> (Philhellenistische Studien 14), Frankfurt am Main, Berlin &amp; al.: Peter Lang, 61\u201388.<\/li>\n<li>Topelius, Zacharias 1876, \u2018\u00d6fverste Fabviers Adjutant\u2019, <em>S\u00e5nger <\/em>2 (nya blad), Stockholm: Bonnier, 105\u2013111.<\/li>\n<\/ul>\n","protected":false},"excerpt":{"rendered":"<p>&nbsp; &nbsp; August Maximilian Myhrberg was one of the two philhellenes who were born in Finland. He was born in 1797 in Raahe, a town on the west coast of Finland. Official documents most often refer to him named as a Swede, but the legend of his life, especially in relation to philhellenism, was linked [&hellip;]<\/p>\n","protected":false},"author":10,"featured_media":12198,"comment_status":"closed","ping_status":"closed","sticky":false,"template":"","format":"standard","meta":{"inline_featured_image":false,"_exactmetrics_skip_tracking":false,"_exactmetrics_sitenote_active":false,"_exactmetrics_sitenote_note":"","_exactmetrics_sitenote_category":0,"footnotes":""},"categories":[98],"tags":[],"class_list":["post-12218","post","type-post","status-publish","format-standard","has-post-thumbnail","hentry","category-biographies"],"yoast_head":"<!-- This site is optimized with the Yoast SEO plugin v27.5 - https:\/\/yoast.com\/product\/yoast-seo-wordpress\/ -->\n<title>August Maximillian Myhrberg (1797\u20131867): Swedish-Finnish Philhellene, participant in numerous battles during the Greek War of Independence, Commandant of the Palamidi Fort and idealised figurehead as a model freedom fighter in Scandinavia - \u0395\u03c4\u03b1\u03b9\u03c1\u03b5\u03af\u03b1 \u03b3\u03b9\u03b1 \u03c4\u03bf\u03bd \u0395\u03bb\u03bb\u03b7\u03bd\u03b9\u03c3\u03bc\u03cc \u03ba\u03b1\u03b9 \u03c4\u03bf\u03bd \u03a6\u03b9\u03bb\u03b5\u03bb\u03bb\u03b7\u03bd\u03b9\u03c3\u03bc\u03cc<\/title>\n<meta name=\"robots\" content=\"index, follow, max-snippet:-1, max-image-preview:large, max-video-preview:-1\" \/>\n<link rel=\"canonical\" href=\"https:\/\/www.eefshp.org\/en\/aygoystos-maximilianos-myhrberg-1797-1867-soyidos-finlandos-filellinas-symmeteiche-se-polles-maches-kata-ti-diarkeia-toy-agona-tis-ellinikis-anexartisias-dioikitis-toy-froyrioy-sto-palamidi-kai-exidan\/\" \/>\n<meta property=\"og:locale\" content=\"en_US\" \/>\n<meta property=\"og:type\" content=\"article\" \/>\n<meta property=\"og:title\" content=\"August Maximillian Myhrberg (1797\u20131867): Swedish-Finnish Philhellene, participant in numerous battles during the Greek War of Independence, Commandant of the Palamidi Fort and idealised figurehead as a model freedom fighter in Scandinavia - \u0395\u03c4\u03b1\u03b9\u03c1\u03b5\u03af\u03b1 \u03b3\u03b9\u03b1 \u03c4\u03bf\u03bd \u0395\u03bb\u03bb\u03b7\u03bd\u03b9\u03c3\u03bc\u03cc \u03ba\u03b1\u03b9 \u03c4\u03bf\u03bd \u03a6\u03b9\u03bb\u03b5\u03bb\u03bb\u03b7\u03bd\u03b9\u03c3\u03bc\u03cc\" \/>\n<meta property=\"og:description\" content=\"&nbsp; &nbsp; August Maximilian Myhrberg was one of the two philhellenes who were born in Finland. He was born in 1797 in Raahe, a town on the west coast of Finland. Official documents most often refer to him named as a Swede, but the legend of his life, especially in relation to philhellenism, was linked [&hellip;]\" \/>\n<meta property=\"og:url\" content=\"https:\/\/www.eefshp.org\/en\/aygoystos-maximilianos-myhrberg-1797-1867-soyidos-finlandos-filellinas-symmeteiche-se-polles-maches-kata-ti-diarkeia-toy-agona-tis-ellinikis-anexartisias-dioikitis-toy-froyrioy-sto-palamidi-kai-exidan\/\" \/>\n<meta property=\"og:site_name\" content=\"\u0395\u03c4\u03b1\u03b9\u03c1\u03b5\u03af\u03b1 \u03b3\u03b9\u03b1 \u03c4\u03bf\u03bd \u0395\u03bb\u03bb\u03b7\u03bd\u03b9\u03c3\u03bc\u03cc \u03ba\u03b1\u03b9 \u03c4\u03bf\u03bd \u03a6\u03b9\u03bb\u03b5\u03bb\u03bb\u03b7\u03bd\u03b9\u03c3\u03bc\u03cc\" \/>\n<meta property=\"article:published_time\" content=\"2020-04-25T08:01:10+00:00\" \/>\n<meta property=\"og:image\" content=\"https:\/\/www.eefshp.org\/wp-content\/uploads\/2020\/04\/August-Maximillian-Myhrberg-1.jpg\" \/>\n\t<meta property=\"og:image:width\" content=\"614\" \/>\n\t<meta property=\"og:image:height\" content=\"806\" \/>\n\t<meta property=\"og:image:type\" content=\"image\/jpeg\" \/>\n<meta name=\"author\" content=\"Admin\" \/>\n<meta name=\"twitter:card\" content=\"summary_large_image\" \/>\n<meta name=\"twitter:label1\" content=\"Written by\" \/>\n\t<meta name=\"twitter:data1\" content=\"Admin\" \/>\n\t<meta name=\"twitter:label2\" content=\"Est. reading time\" \/>\n\t<meta name=\"twitter:data2\" content=\"9 minutes\" \/>\n<script type=\"application\/ld+json\" class=\"yoast-schema-graph\">{\"@context\":\"https:\\\/\\\/schema.org\",\"@graph\":[{\"@type\":\"Article\",\"@id\":\"https:\\\/\\\/www.eefshp.org\\\/en\\\/aygoystos-maximilianos-myhrberg-1797-1867-soyidos-finlandos-filellinas-symmeteiche-se-polles-maches-kata-ti-diarkeia-toy-agona-tis-ellinikis-anexartisias-dioikitis-toy-froyrioy-sto-palamidi-kai-exidan\\\/#article\",\"isPartOf\":{\"@id\":\"https:\\\/\\\/www.eefshp.org\\\/en\\\/aygoystos-maximilianos-myhrberg-1797-1867-soyidos-finlandos-filellinas-symmeteiche-se-polles-maches-kata-ti-diarkeia-toy-agona-tis-ellinikis-anexartisias-dioikitis-toy-froyrioy-sto-palamidi-kai-exidan\\\/\"},\"author\":{\"name\":\"Admin\",\"@id\":\"https:\\\/\\\/www.eefshp.org\\\/#\\\/schema\\\/person\\\/326167d6a4192597b9caceb5ad7c3bcf\"},\"headline\":\"August Maximillian Myhrberg (1797\u20131867): Swedish-Finnish Philhellene, participant in numerous battles during the Greek War of Independence, Commandant of the Palamidi Fort and idealised figurehead as a model freedom fighter in Scandinavia\",\"datePublished\":\"2020-04-25T08:01:10+00:00\",\"mainEntityOfPage\":{\"@id\":\"https:\\\/\\\/www.eefshp.org\\\/en\\\/aygoystos-maximilianos-myhrberg-1797-1867-soyidos-finlandos-filellinas-symmeteiche-se-polles-maches-kata-ti-diarkeia-toy-agona-tis-ellinikis-anexartisias-dioikitis-toy-froyrioy-sto-palamidi-kai-exidan\\\/\"},\"wordCount\":1816,\"publisher\":{\"@id\":\"https:\\\/\\\/www.eefshp.org\\\/#organization\"},\"image\":{\"@id\":\"https:\\\/\\\/www.eefshp.org\\\/en\\\/aygoystos-maximilianos-myhrberg-1797-1867-soyidos-finlandos-filellinas-symmeteiche-se-polles-maches-kata-ti-diarkeia-toy-agona-tis-ellinikis-anexartisias-dioikitis-toy-froyrioy-sto-palamidi-kai-exidan\\\/#primaryimage\"},\"thumbnailUrl\":\"https:\\\/\\\/www.eefshp.org\\\/wp-content\\\/uploads\\\/2020\\\/04\\\/August-Maximillian-Myhrberg-1.jpg\",\"articleSection\":[\"Biographies\"],\"inLanguage\":\"en-US\"},{\"@type\":\"WebPage\",\"@id\":\"https:\\\/\\\/www.eefshp.org\\\/en\\\/aygoystos-maximilianos-myhrberg-1797-1867-soyidos-finlandos-filellinas-symmeteiche-se-polles-maches-kata-ti-diarkeia-toy-agona-tis-ellinikis-anexartisias-dioikitis-toy-froyrioy-sto-palamidi-kai-exidan\\\/\",\"url\":\"https:\\\/\\\/www.eefshp.org\\\/en\\\/aygoystos-maximilianos-myhrberg-1797-1867-soyidos-finlandos-filellinas-symmeteiche-se-polles-maches-kata-ti-diarkeia-toy-agona-tis-ellinikis-anexartisias-dioikitis-toy-froyrioy-sto-palamidi-kai-exidan\\\/\",\"name\":\"August Maximillian Myhrberg (1797\u20131867): Swedish-Finnish Philhellene, participant in numerous battles during the Greek War of Independence, Commandant of the Palamidi Fort and idealised figurehead as a model freedom fighter in Scandinavia - \u0395\u03c4\u03b1\u03b9\u03c1\u03b5\u03af\u03b1 \u03b3\u03b9\u03b1 \u03c4\u03bf\u03bd \u0395\u03bb\u03bb\u03b7\u03bd\u03b9\u03c3\u03bc\u03cc \u03ba\u03b1\u03b9 \u03c4\u03bf\u03bd \u03a6\u03b9\u03bb\u03b5\u03bb\u03bb\u03b7\u03bd\u03b9\u03c3\u03bc\u03cc\",\"isPartOf\":{\"@id\":\"https:\\\/\\\/www.eefshp.org\\\/#website\"},\"primaryImageOfPage\":{\"@id\":\"https:\\\/\\\/www.eefshp.org\\\/en\\\/aygoystos-maximilianos-myhrberg-1797-1867-soyidos-finlandos-filellinas-symmeteiche-se-polles-maches-kata-ti-diarkeia-toy-agona-tis-ellinikis-anexartisias-dioikitis-toy-froyrioy-sto-palamidi-kai-exidan\\\/#primaryimage\"},\"image\":{\"@id\":\"https:\\\/\\\/www.eefshp.org\\\/en\\\/aygoystos-maximilianos-myhrberg-1797-1867-soyidos-finlandos-filellinas-symmeteiche-se-polles-maches-kata-ti-diarkeia-toy-agona-tis-ellinikis-anexartisias-dioikitis-toy-froyrioy-sto-palamidi-kai-exidan\\\/#primaryimage\"},\"thumbnailUrl\":\"https:\\\/\\\/www.eefshp.org\\\/wp-content\\\/uploads\\\/2020\\\/04\\\/August-Maximillian-Myhrberg-1.jpg\",\"datePublished\":\"2020-04-25T08:01:10+00:00\",\"breadcrumb\":{\"@id\":\"https:\\\/\\\/www.eefshp.org\\\/en\\\/aygoystos-maximilianos-myhrberg-1797-1867-soyidos-finlandos-filellinas-symmeteiche-se-polles-maches-kata-ti-diarkeia-toy-agona-tis-ellinikis-anexartisias-dioikitis-toy-froyrioy-sto-palamidi-kai-exidan\\\/#breadcrumb\"},\"inLanguage\":\"en-US\",\"potentialAction\":[{\"@type\":\"ReadAction\",\"target\":[\"https:\\\/\\\/www.eefshp.org\\\/en\\\/aygoystos-maximilianos-myhrberg-1797-1867-soyidos-finlandos-filellinas-symmeteiche-se-polles-maches-kata-ti-diarkeia-toy-agona-tis-ellinikis-anexartisias-dioikitis-toy-froyrioy-sto-palamidi-kai-exidan\\\/\"]}]},{\"@type\":\"ImageObject\",\"inLanguage\":\"en-US\",\"@id\":\"https:\\\/\\\/www.eefshp.org\\\/en\\\/aygoystos-maximilianos-myhrberg-1797-1867-soyidos-finlandos-filellinas-symmeteiche-se-polles-maches-kata-ti-diarkeia-toy-agona-tis-ellinikis-anexartisias-dioikitis-toy-froyrioy-sto-palamidi-kai-exidan\\\/#primaryimage\",\"url\":\"https:\\\/\\\/www.eefshp.org\\\/wp-content\\\/uploads\\\/2020\\\/04\\\/August-Maximillian-Myhrberg-1.jpg\",\"contentUrl\":\"https:\\\/\\\/www.eefshp.org\\\/wp-content\\\/uploads\\\/2020\\\/04\\\/August-Maximillian-Myhrberg-1.jpg\",\"width\":614,\"height\":806,\"caption\":\"\u0391\u03cd\u03b3\u03bf\u03c5\u03c3\u03c4\u03bf\u03c2 \u039c\u03b1\u03be\u03b9\u03bc\u03b9\u03bb\u03b9\u03b1\u03bd\u03cc\u03c2 Myhrberg (\u03bb\u03b9\u03b8\u03bf\u03b3\u03c1\u03b1\u03c6\u03af\u03b1, \u03b4\u03b5\u03ba\u03b1\u03b5\u03c4\u03af\u03b1 1850)\"},{\"@type\":\"BreadcrumbList\",\"@id\":\"https:\\\/\\\/www.eefshp.org\\\/en\\\/aygoystos-maximilianos-myhrberg-1797-1867-soyidos-finlandos-filellinas-symmeteiche-se-polles-maches-kata-ti-diarkeia-toy-agona-tis-ellinikis-anexartisias-dioikitis-toy-froyrioy-sto-palamidi-kai-exidan\\\/#breadcrumb\",\"itemListElement\":[{\"@type\":\"ListItem\",\"position\":1,\"name\":\"Home\",\"item\":\"https:\\\/\\\/www.eefshp.org\\\/en\\\/\"},{\"@type\":\"ListItem\",\"position\":2,\"name\":\"August Maximillian Myhrberg (1797\u20131867): Swedish-Finnish Philhellene, participant in numerous battles during the Greek War of Independence, Commandant of the Palamidi Fort and idealised figurehead as a model freedom fighter in Scandinavia\"}]},{\"@type\":\"WebSite\",\"@id\":\"https:\\\/\\\/www.eefshp.org\\\/#website\",\"url\":\"https:\\\/\\\/www.eefshp.org\\\/\",\"name\":\"\u0395\u03c4\u03b1\u03b9\u03c1\u03b5\u03af\u03b1 \u03b3\u03b9\u03b1 \u03c4\u03bf\u03bd \u0395\u03bb\u03bb\u03b7\u03bd\u03b9\u03c3\u03bc\u03cc \u03ba\u03b1\u03b9 \u03c4\u03bf\u03bd \u03a6\u03b9\u03bb\u03b5\u03bb\u03bb\u03b7\u03bd\u03b9\u03c3\u03bc\u03cc\",\"description\":\"\",\"publisher\":{\"@id\":\"https:\\\/\\\/www.eefshp.org\\\/#organization\"},\"potentialAction\":[{\"@type\":\"SearchAction\",\"target\":{\"@type\":\"EntryPoint\",\"urlTemplate\":\"https:\\\/\\\/www.eefshp.org\\\/?s={search_term_string}\"},\"query-input\":{\"@type\":\"PropertyValueSpecification\",\"valueRequired\":true,\"valueName\":\"search_term_string\"}}],\"inLanguage\":\"en-US\"},{\"@type\":\"Organization\",\"@id\":\"https:\\\/\\\/www.eefshp.org\\\/#organization\",\"name\":\"\u0395\u03c4\u03b1\u03b9\u03c1\u03b5\u03af\u03b1 \u03b3\u03b9\u03b1 \u03c4\u03bf\u03bd \u0395\u03bb\u03bb\u03b7\u03bd\u03b9\u03c3\u03bc\u03cc \u03ba\u03b1\u03b9 \u03c4\u03bf\u03bd \u03a6\u03b9\u03bb\u03b5\u03bb\u03bb\u03b7\u03bd\u03b9\u03c3\u03bc\u03cc\",\"url\":\"https:\\\/\\\/www.eefshp.org\\\/\",\"logo\":{\"@type\":\"ImageObject\",\"inLanguage\":\"en-US\",\"@id\":\"https:\\\/\\\/www.eefshp.org\\\/#\\\/schema\\\/logo\\\/image\\\/\",\"url\":\"https:\\\/\\\/www.eefshp.org\\\/wp-content\\\/uploads\\\/2019\\\/04\\\/logo_eefshp_80h_EL.png\",\"contentUrl\":\"https:\\\/\\\/www.eefshp.org\\\/wp-content\\\/uploads\\\/2019\\\/04\\\/logo_eefshp_80h_EL.png\",\"width\":358,\"height\":80,\"caption\":\"\u0395\u03c4\u03b1\u03b9\u03c1\u03b5\u03af\u03b1 \u03b3\u03b9\u03b1 \u03c4\u03bf\u03bd \u0395\u03bb\u03bb\u03b7\u03bd\u03b9\u03c3\u03bc\u03cc \u03ba\u03b1\u03b9 \u03c4\u03bf\u03bd \u03a6\u03b9\u03bb\u03b5\u03bb\u03bb\u03b7\u03bd\u03b9\u03c3\u03bc\u03cc\"},\"image\":{\"@id\":\"https:\\\/\\\/www.eefshp.org\\\/#\\\/schema\\\/logo\\\/image\\\/\"}},{\"@type\":\"Person\",\"@id\":\"https:\\\/\\\/www.eefshp.org\\\/#\\\/schema\\\/person\\\/326167d6a4192597b9caceb5ad7c3bcf\",\"name\":\"Admin\",\"image\":{\"@type\":\"ImageObject\",\"inLanguage\":\"en-US\",\"@id\":\"https:\\\/\\\/secure.gravatar.com\\\/avatar\\\/03a7fe73b46c2784bfc2a598115ccc6614d58eb407e06183a7afe5e50bcc56fa?s=96&d=mm&r=g\",\"url\":\"https:\\\/\\\/secure.gravatar.com\\\/avatar\\\/03a7fe73b46c2784bfc2a598115ccc6614d58eb407e06183a7afe5e50bcc56fa?s=96&d=mm&r=g\",\"contentUrl\":\"https:\\\/\\\/secure.gravatar.com\\\/avatar\\\/03a7fe73b46c2784bfc2a598115ccc6614d58eb407e06183a7afe5e50bcc56fa?s=96&d=mm&r=g\",\"caption\":\"Admin\"}}]}<\/script>\n<!-- \/ Yoast SEO plugin. -->","yoast_head_json":{"title":"August Maximillian Myhrberg (1797\u20131867): Swedish-Finnish Philhellene, participant in numerous battles during the Greek War of Independence, Commandant of the Palamidi Fort and idealised figurehead as a model freedom fighter in Scandinavia - \u0395\u03c4\u03b1\u03b9\u03c1\u03b5\u03af\u03b1 \u03b3\u03b9\u03b1 \u03c4\u03bf\u03bd \u0395\u03bb\u03bb\u03b7\u03bd\u03b9\u03c3\u03bc\u03cc \u03ba\u03b1\u03b9 \u03c4\u03bf\u03bd \u03a6\u03b9\u03bb\u03b5\u03bb\u03bb\u03b7\u03bd\u03b9\u03c3\u03bc\u03cc","robots":{"index":"index","follow":"follow","max-snippet":"max-snippet:-1","max-image-preview":"max-image-preview:large","max-video-preview":"max-video-preview:-1"},"canonical":"https:\/\/www.eefshp.org\/en\/aygoystos-maximilianos-myhrberg-1797-1867-soyidos-finlandos-filellinas-symmeteiche-se-polles-maches-kata-ti-diarkeia-toy-agona-tis-ellinikis-anexartisias-dioikitis-toy-froyrioy-sto-palamidi-kai-exidan\/","og_locale":"en_US","og_type":"article","og_title":"August Maximillian Myhrberg (1797\u20131867): Swedish-Finnish Philhellene, participant in numerous battles during the Greek War of Independence, Commandant of the Palamidi Fort and idealised figurehead as a model freedom fighter in Scandinavia - \u0395\u03c4\u03b1\u03b9\u03c1\u03b5\u03af\u03b1 \u03b3\u03b9\u03b1 \u03c4\u03bf\u03bd \u0395\u03bb\u03bb\u03b7\u03bd\u03b9\u03c3\u03bc\u03cc \u03ba\u03b1\u03b9 \u03c4\u03bf\u03bd \u03a6\u03b9\u03bb\u03b5\u03bb\u03bb\u03b7\u03bd\u03b9\u03c3\u03bc\u03cc","og_description":"&nbsp; &nbsp; August Maximilian Myhrberg was one of the two philhellenes who were born in Finland. He was born in 1797 in Raahe, a town on the west coast of Finland. Official documents most often refer to him named as a Swede, but the legend of his life, especially in relation to philhellenism, was linked [&hellip;]","og_url":"https:\/\/www.eefshp.org\/en\/aygoystos-maximilianos-myhrberg-1797-1867-soyidos-finlandos-filellinas-symmeteiche-se-polles-maches-kata-ti-diarkeia-toy-agona-tis-ellinikis-anexartisias-dioikitis-toy-froyrioy-sto-palamidi-kai-exidan\/","og_site_name":"\u0395\u03c4\u03b1\u03b9\u03c1\u03b5\u03af\u03b1 \u03b3\u03b9\u03b1 \u03c4\u03bf\u03bd \u0395\u03bb\u03bb\u03b7\u03bd\u03b9\u03c3\u03bc\u03cc \u03ba\u03b1\u03b9 \u03c4\u03bf\u03bd \u03a6\u03b9\u03bb\u03b5\u03bb\u03bb\u03b7\u03bd\u03b9\u03c3\u03bc\u03cc","article_published_time":"2020-04-25T08:01:10+00:00","og_image":[{"width":614,"height":806,"url":"https:\/\/www.eefshp.org\/wp-content\/uploads\/2020\/04\/August-Maximillian-Myhrberg-1.jpg","type":"image\/jpeg"}],"author":"Admin","twitter_card":"summary_large_image","twitter_misc":{"Written by":"Admin","Est. reading time":"9 minutes"},"schema":{"@context":"https:\/\/schema.org","@graph":[{"@type":"Article","@id":"https:\/\/www.eefshp.org\/en\/aygoystos-maximilianos-myhrberg-1797-1867-soyidos-finlandos-filellinas-symmeteiche-se-polles-maches-kata-ti-diarkeia-toy-agona-tis-ellinikis-anexartisias-dioikitis-toy-froyrioy-sto-palamidi-kai-exidan\/#article","isPartOf":{"@id":"https:\/\/www.eefshp.org\/en\/aygoystos-maximilianos-myhrberg-1797-1867-soyidos-finlandos-filellinas-symmeteiche-se-polles-maches-kata-ti-diarkeia-toy-agona-tis-ellinikis-anexartisias-dioikitis-toy-froyrioy-sto-palamidi-kai-exidan\/"},"author":{"name":"Admin","@id":"https:\/\/www.eefshp.org\/#\/schema\/person\/326167d6a4192597b9caceb5ad7c3bcf"},"headline":"August Maximillian Myhrberg (1797\u20131867): Swedish-Finnish Philhellene, participant in numerous battles during the Greek War of Independence, Commandant of the Palamidi Fort and idealised figurehead as a model freedom fighter in Scandinavia","datePublished":"2020-04-25T08:01:10+00:00","mainEntityOfPage":{"@id":"https:\/\/www.eefshp.org\/en\/aygoystos-maximilianos-myhrberg-1797-1867-soyidos-finlandos-filellinas-symmeteiche-se-polles-maches-kata-ti-diarkeia-toy-agona-tis-ellinikis-anexartisias-dioikitis-toy-froyrioy-sto-palamidi-kai-exidan\/"},"wordCount":1816,"publisher":{"@id":"https:\/\/www.eefshp.org\/#organization"},"image":{"@id":"https:\/\/www.eefshp.org\/en\/aygoystos-maximilianos-myhrberg-1797-1867-soyidos-finlandos-filellinas-symmeteiche-se-polles-maches-kata-ti-diarkeia-toy-agona-tis-ellinikis-anexartisias-dioikitis-toy-froyrioy-sto-palamidi-kai-exidan\/#primaryimage"},"thumbnailUrl":"https:\/\/www.eefshp.org\/wp-content\/uploads\/2020\/04\/August-Maximillian-Myhrberg-1.jpg","articleSection":["Biographies"],"inLanguage":"en-US"},{"@type":"WebPage","@id":"https:\/\/www.eefshp.org\/en\/aygoystos-maximilianos-myhrberg-1797-1867-soyidos-finlandos-filellinas-symmeteiche-se-polles-maches-kata-ti-diarkeia-toy-agona-tis-ellinikis-anexartisias-dioikitis-toy-froyrioy-sto-palamidi-kai-exidan\/","url":"https:\/\/www.eefshp.org\/en\/aygoystos-maximilianos-myhrberg-1797-1867-soyidos-finlandos-filellinas-symmeteiche-se-polles-maches-kata-ti-diarkeia-toy-agona-tis-ellinikis-anexartisias-dioikitis-toy-froyrioy-sto-palamidi-kai-exidan\/","name":"August Maximillian Myhrberg (1797\u20131867): Swedish-Finnish Philhellene, participant in numerous battles during the Greek War of Independence, Commandant of the Palamidi Fort and idealised figurehead as a model freedom fighter in Scandinavia - \u0395\u03c4\u03b1\u03b9\u03c1\u03b5\u03af\u03b1 \u03b3\u03b9\u03b1 \u03c4\u03bf\u03bd \u0395\u03bb\u03bb\u03b7\u03bd\u03b9\u03c3\u03bc\u03cc \u03ba\u03b1\u03b9 \u03c4\u03bf\u03bd \u03a6\u03b9\u03bb\u03b5\u03bb\u03bb\u03b7\u03bd\u03b9\u03c3\u03bc\u03cc","isPartOf":{"@id":"https:\/\/www.eefshp.org\/#website"},"primaryImageOfPage":{"@id":"https:\/\/www.eefshp.org\/en\/aygoystos-maximilianos-myhrberg-1797-1867-soyidos-finlandos-filellinas-symmeteiche-se-polles-maches-kata-ti-diarkeia-toy-agona-tis-ellinikis-anexartisias-dioikitis-toy-froyrioy-sto-palamidi-kai-exidan\/#primaryimage"},"image":{"@id":"https:\/\/www.eefshp.org\/en\/aygoystos-maximilianos-myhrberg-1797-1867-soyidos-finlandos-filellinas-symmeteiche-se-polles-maches-kata-ti-diarkeia-toy-agona-tis-ellinikis-anexartisias-dioikitis-toy-froyrioy-sto-palamidi-kai-exidan\/#primaryimage"},"thumbnailUrl":"https:\/\/www.eefshp.org\/wp-content\/uploads\/2020\/04\/August-Maximillian-Myhrberg-1.jpg","datePublished":"2020-04-25T08:01:10+00:00","breadcrumb":{"@id":"https:\/\/www.eefshp.org\/en\/aygoystos-maximilianos-myhrberg-1797-1867-soyidos-finlandos-filellinas-symmeteiche-se-polles-maches-kata-ti-diarkeia-toy-agona-tis-ellinikis-anexartisias-dioikitis-toy-froyrioy-sto-palamidi-kai-exidan\/#breadcrumb"},"inLanguage":"en-US","potentialAction":[{"@type":"ReadAction","target":["https:\/\/www.eefshp.org\/en\/aygoystos-maximilianos-myhrberg-1797-1867-soyidos-finlandos-filellinas-symmeteiche-se-polles-maches-kata-ti-diarkeia-toy-agona-tis-ellinikis-anexartisias-dioikitis-toy-froyrioy-sto-palamidi-kai-exidan\/"]}]},{"@type":"ImageObject","inLanguage":"en-US","@id":"https:\/\/www.eefshp.org\/en\/aygoystos-maximilianos-myhrberg-1797-1867-soyidos-finlandos-filellinas-symmeteiche-se-polles-maches-kata-ti-diarkeia-toy-agona-tis-ellinikis-anexartisias-dioikitis-toy-froyrioy-sto-palamidi-kai-exidan\/#primaryimage","url":"https:\/\/www.eefshp.org\/wp-content\/uploads\/2020\/04\/August-Maximillian-Myhrberg-1.jpg","contentUrl":"https:\/\/www.eefshp.org\/wp-content\/uploads\/2020\/04\/August-Maximillian-Myhrberg-1.jpg","width":614,"height":806,"caption":"\u0391\u03cd\u03b3\u03bf\u03c5\u03c3\u03c4\u03bf\u03c2 \u039c\u03b1\u03be\u03b9\u03bc\u03b9\u03bb\u03b9\u03b1\u03bd\u03cc\u03c2 Myhrberg (\u03bb\u03b9\u03b8\u03bf\u03b3\u03c1\u03b1\u03c6\u03af\u03b1, \u03b4\u03b5\u03ba\u03b1\u03b5\u03c4\u03af\u03b1 1850)"},{"@type":"BreadcrumbList","@id":"https:\/\/www.eefshp.org\/en\/aygoystos-maximilianos-myhrberg-1797-1867-soyidos-finlandos-filellinas-symmeteiche-se-polles-maches-kata-ti-diarkeia-toy-agona-tis-ellinikis-anexartisias-dioikitis-toy-froyrioy-sto-palamidi-kai-exidan\/#breadcrumb","itemListElement":[{"@type":"ListItem","position":1,"name":"Home","item":"https:\/\/www.eefshp.org\/en\/"},{"@type":"ListItem","position":2,"name":"August Maximillian Myhrberg (1797\u20131867): Swedish-Finnish Philhellene, participant in numerous battles during the Greek War of Independence, Commandant of the Palamidi Fort and idealised figurehead as a model freedom fighter in Scandinavia"}]},{"@type":"WebSite","@id":"https:\/\/www.eefshp.org\/#website","url":"https:\/\/www.eefshp.org\/","name":"\u0395\u03c4\u03b1\u03b9\u03c1\u03b5\u03af\u03b1 \u03b3\u03b9\u03b1 \u03c4\u03bf\u03bd \u0395\u03bb\u03bb\u03b7\u03bd\u03b9\u03c3\u03bc\u03cc \u03ba\u03b1\u03b9 \u03c4\u03bf\u03bd \u03a6\u03b9\u03bb\u03b5\u03bb\u03bb\u03b7\u03bd\u03b9\u03c3\u03bc\u03cc","description":"","publisher":{"@id":"https:\/\/www.eefshp.org\/#organization"},"potentialAction":[{"@type":"SearchAction","target":{"@type":"EntryPoint","urlTemplate":"https:\/\/www.eefshp.org\/?s={search_term_string}"},"query-input":{"@type":"PropertyValueSpecification","valueRequired":true,"valueName":"search_term_string"}}],"inLanguage":"en-US"},{"@type":"Organization","@id":"https:\/\/www.eefshp.org\/#organization","name":"\u0395\u03c4\u03b1\u03b9\u03c1\u03b5\u03af\u03b1 \u03b3\u03b9\u03b1 \u03c4\u03bf\u03bd \u0395\u03bb\u03bb\u03b7\u03bd\u03b9\u03c3\u03bc\u03cc \u03ba\u03b1\u03b9 \u03c4\u03bf\u03bd \u03a6\u03b9\u03bb\u03b5\u03bb\u03bb\u03b7\u03bd\u03b9\u03c3\u03bc\u03cc","url":"https:\/\/www.eefshp.org\/","logo":{"@type":"ImageObject","inLanguage":"en-US","@id":"https:\/\/www.eefshp.org\/#\/schema\/logo\/image\/","url":"https:\/\/www.eefshp.org\/wp-content\/uploads\/2019\/04\/logo_eefshp_80h_EL.png","contentUrl":"https:\/\/www.eefshp.org\/wp-content\/uploads\/2019\/04\/logo_eefshp_80h_EL.png","width":358,"height":80,"caption":"\u0395\u03c4\u03b1\u03b9\u03c1\u03b5\u03af\u03b1 \u03b3\u03b9\u03b1 \u03c4\u03bf\u03bd \u0395\u03bb\u03bb\u03b7\u03bd\u03b9\u03c3\u03bc\u03cc \u03ba\u03b1\u03b9 \u03c4\u03bf\u03bd \u03a6\u03b9\u03bb\u03b5\u03bb\u03bb\u03b7\u03bd\u03b9\u03c3\u03bc\u03cc"},"image":{"@id":"https:\/\/www.eefshp.org\/#\/schema\/logo\/image\/"}},{"@type":"Person","@id":"https:\/\/www.eefshp.org\/#\/schema\/person\/326167d6a4192597b9caceb5ad7c3bcf","name":"Admin","image":{"@type":"ImageObject","inLanguage":"en-US","@id":"https:\/\/secure.gravatar.com\/avatar\/03a7fe73b46c2784bfc2a598115ccc6614d58eb407e06183a7afe5e50bcc56fa?s=96&d=mm&r=g","url":"https:\/\/secure.gravatar.com\/avatar\/03a7fe73b46c2784bfc2a598115ccc6614d58eb407e06183a7afe5e50bcc56fa?s=96&d=mm&r=g","contentUrl":"https:\/\/secure.gravatar.com\/avatar\/03a7fe73b46c2784bfc2a598115ccc6614d58eb407e06183a7afe5e50bcc56fa?s=96&d=mm&r=g","caption":"Admin"}}]}},"_links":{"self":[{"href":"https:\/\/www.eefshp.org\/en\/wp-json\/wp\/v2\/posts\/12218","targetHints":{"allow":["GET"]}}],"collection":[{"href":"https:\/\/www.eefshp.org\/en\/wp-json\/wp\/v2\/posts"}],"about":[{"href":"https:\/\/www.eefshp.org\/en\/wp-json\/wp\/v2\/types\/post"}],"author":[{"embeddable":true,"href":"https:\/\/www.eefshp.org\/en\/wp-json\/wp\/v2\/users\/10"}],"replies":[{"embeddable":true,"href":"https:\/\/www.eefshp.org\/en\/wp-json\/wp\/v2\/comments?post=12218"}],"version-history":[{"count":4,"href":"https:\/\/www.eefshp.org\/en\/wp-json\/wp\/v2\/posts\/12218\/revisions"}],"predecessor-version":[{"id":12224,"href":"https:\/\/www.eefshp.org\/en\/wp-json\/wp\/v2\/posts\/12218\/revisions\/12224"}],"wp:featuredmedia":[{"embeddable":true,"href":"https:\/\/www.eefshp.org\/en\/wp-json\/wp\/v2\/media\/12198"}],"wp:attachment":[{"href":"https:\/\/www.eefshp.org\/en\/wp-json\/wp\/v2\/media?parent=12218"}],"wp:term":[{"taxonomy":"category","embeddable":true,"href":"https:\/\/www.eefshp.org\/en\/wp-json\/wp\/v2\/categories?post=12218"},{"taxonomy":"post_tag","embeddable":true,"href":"https:\/\/www.eefshp.org\/en\/wp-json\/wp\/v2\/tags?post=12218"}],"curies":[{"name":"wp","href":"https:\/\/api.w.org\/{rel}","templated":true}]}}