{"id":13347,"date":"2020-06-19T18:40:51","date_gmt":"2020-06-19T15:40:51","guid":{"rendered":"https:\/\/www.eefshp.org\/?p=13347"},"modified":"2020-06-19T18:40:51","modified_gmt":"2020-06-19T15:40:51","slug":"hyacinthe-de-lavillasse-french-chieftain-in-greece-chief-of-staff-of-kolokotronis","status":"publish","type":"post","link":"https:\/\/www.eefshp.org\/en\/hyacinthe-de-lavillasse-french-chieftain-in-greece-chief-of-staff-of-kolokotronis\/","title":{"rendered":"Hyacinthe De Lavillasse, French chieftain in Greece, Chief of Staff of Kolokotronis"},"content":{"rendered":"<p>&nbsp;<\/p>\n<div id=\"attachment_13340\" style=\"width: 310px\" class=\"wp-caption aligncenter\"><img loading=\"lazy\" decoding=\"async\" aria-describedby=\"caption-attachment-13340\" class=\" wp-image-13340\" src=\"https:\/\/www.eefshp.org\/wp-content\/uploads\/2020\/06\/De-Lavillasse-1.jpg\" alt=\"\" width=\"300\" height=\"393\" srcset=\"https:\/\/www.eefshp.org\/wp-content\/uploads\/2020\/06\/De-Lavillasse-1.jpg 579w, https:\/\/www.eefshp.org\/wp-content\/uploads\/2020\/06\/De-Lavillasse-1-229x300.jpg 229w, https:\/\/www.eefshp.org\/wp-content\/uploads\/2020\/06\/De-Lavillasse-1-539x705.jpg 539w, https:\/\/www.eefshp.org\/wp-content\/uploads\/2020\/06\/De-Lavillasse-1-450x589.jpg 450w\" sizes=\"auto, (max-width: 300px) 100vw, 300px\" \/><p id=\"caption-attachment-13340\" class=\"wp-caption-text\"><em>Painting of the German painter Peter von Hess (1792-1871). It shows a Philhellene in Greek uniform.<\/em><\/p><\/div>\n<p>&nbsp;<\/p>\n<p>During the Greek struggle, many Philhellenes arrived in Greece and fought alongside the Greeks in many different roles and in many different contexts. However, some of them really wanted to understand the character of the Greek warriors and completely adopted the life of the Kleftes. William St Clair estimates these Philhellenes at about ten. Among them is the French Philhellene, Hyacinthe Delavillasse, almost unknown in Greek history. Any testimonies about this great Philhellene come exclusively through the works of other philhellenes or Greek comrades-in-arms.<\/p>\n<p>The French Philhellene F. R. Schack, who met him in June 1826, states that De Lavillasse was born in Carpentras, France, near Avignon. He was an officer in Napoleon&#8217;s Grand Army, who was expelled by the French army and deported from France in 1820, &#8220;after serving his homeland for twenty years&#8221;. He appears to have been the victim of a political plot, and was accused of taking part in a conspiracy. According to an official list of the French Ministry of War, De Lavillasse was an infantry captain in 1817.<\/p>\n<p>When he was expelled from his country, he turned his attention to the then in revolt Greece, with the Greeks fighting for freedom. He went to Greece on a Greek ship that departed from Marseilles on July 18, 1821. The same ship was carrying Alexandros Mavrokordatos (who had even chartered it and loaded it with ammunition he had bought), the French Philhellene Maxime Raybaud and 80 Greeks and Philhellenes.<\/p>\n<p>The French philhellene Maurice Persat, notes that he was one of the first to arrive in Greece to participate in the Struggle. Indeed, in the Archives of Greek Paligenesia we find a first inscription referring to him as &#8220;Labilai&#8221; in 1822.<\/p>\n<p>Another Frenchman, Philippe Jourdain, reports that De Lavillasse had fought in Peta, and that after the unfortunate battle and the grievances suffered by the forces of the Greeks and Philhellenes, he retreated with the rest of the suffering and sick Philhellenes who survived, to Messolonghi. From there, despite being sick with a fever, he took an active part in battles in the surrounding area. Later that year, Pouqueville reported that De Lavillasse was fighting in Argos, ill again.<\/p>\n<p>Another source quoting De Lavillasse is Edward Blaquieres. He confirms his role in the siege of Patras, and in the siege of Tripolitsa, where De Lavillasse even led a corps of 80 volunteers from the Ionian Islands. According to Maxime Raybaud, after the fall of Tripolitsa, De Lavillasse joined the Regular Corps of Baleste for a while.<\/p>\n<p>De Lavillasse then became a Greek citizen, and followed Kolokotronis as a captain. According to the testimony of Fotakos, he took part along with other chieftains, in the battle against Dramalis in Dervenakia on July 26, 1822, as a captain-bodyguard of Kolokotronis.<\/p>\n<p>Michael Oikonomou describes a real incident for his friend De Lavillasse, after the successful battles of the forces of Kolokotronis near Patras, highlighting his unbridled enthusiasm. De Lavillasse, after reaching the gate of the &#8220;Gerokomeio&#8221; fortress, was the first to knock loudly and &#8220;with great joy for the victory of the nation&#8221;, turning to the Greeks who were watching him, shouting to them in poor Greek &#8220;come, come&#8221;. He invited them with gestures to break through the gate of the fortress and enter in it.<\/p>\n<p>It is a fact that his bravery was recognized by both foreign and Greek comrades-in-arms, but also by the Greek administration. With the decision no. 154 of D. Ypsilantis, President of the Parliament, on June 24, 1822, &#8220;Captain Lavillaz&#8221; was promoted to the rank of Lieutenant Commander for his work in his new homeland. It is striking that the decision was taken on the grounds that <em>&#8220;the French captain Mr. Lavilaz, who has suffered a lot for twelve months now, endured all kinds of deprivations, works hard for the common interest in Patras&#8221;.<\/em> This decision is a presumption of his presence in Greece from the beginning and the deprivations he suffered in the Struggle.<\/p>\n<p>According to Henri Forn\u00e8sy and his notes on the Philhellenes, De Lavillasse gradually rose to the rank of Colonel. In fact, for some time he served as the Chief of the staff of Kolokotronis, to which he was assigned. The information is confirmed by Greek historians, including Ap. Vakalopoulos, who describes him as a comrade-warrior of Kolokotronis.<\/p>\n<p>Even more, F.R. Schack cites him in his memoirs as a man who enjoyed the full confidence of Kolokotronis: <em>&#8220;The two men were inseparable comrades-in-arms, fought together in a hundred battles, and twenty times their swords were stained with the blood of barbarians&#8221;<\/em>.<\/p>\n<p>De Lavillasse had a good reputation in the army, loved Greece and longed for its freedom. In a letter published on September 6, 1823, Pouqueville expressed his concern about the internal quarrels of the Greeks, which prevented them from completing the Struggle and endangered the country&#8217;s political situation. Even more, he admits that if the Greeks were united, the Turks would have been defeated long ago.<\/p>\n<p>Moreover, Maxime Raybaud, De Lavillasse&#8217;s comrade-in-arms, also expresses his greatest appreciation for him in his memoirs, commenting on his special case as follows:<\/p>\n<p>&#8220;<em>This success is largely due to the brave De Lavillasse, who leading some of the irregular Moraites, was the first to enter the city and pursue the enemy as far as the walls of the fortress. Being unsatisfied with the services to which we should be limited with his half-regular soldiers, almost always unhappy, malnourished and poorly paid, this officer decided, a few weeks after Ypsilantis returned to Tripoli, to leave the Baleste battalion to go outside Patras. Due to his bravery, he quickly gathered around him one hundred of the Armatoloi of Achaia. He left his uniform to dress in the clothes of the Kleftes, the pre-eminent clothes of the war, and followed in all areas the customs of his new comrades-in-arms, sharing with them the difficulties, the deprivations and even the complete absence of cleanliness that characterizes their way of life<\/em>&#8220;.<\/p>\n<p>More particularly, he points out that <em>&#8220;in this easy abandonment of civilized manners for the sake of such harsh customs is perhaps hidden a greater value than we can imagine at first, a value which is better understood if we consider that it is the only foreigner who has managed to adapt to this way of life&#8221;. &#8220;This officer, as a witness to his brilliant deeds, had only people who forgot him. Too many times he has seen Turks fall from his strikes, but he leaves it to his friends to take care of making it known to the public&#8221;.<\/em><\/p>\n<p>It seems that the poverty he was facing at that time was such, that in a letter addressed by De Lavillasse to the Minister of War, Ioannis Kolettis, in May 1822, he asked him to send him &#8220;a medicament made from tobacco and a French or Albanian shirt&#8221;. The tragic situation of De Lavillasse is testified by a dramatic incident reported by Fotakos, during the invasion of Dramalis, shortly before the battle of Dervenakia. According to his testimony, De Lavillasse hid in a vineyard where Turks were going to steal grapes, he killed a Turk and took off his clothes to wear as his own were completely worn.<\/p>\n<p>Despite the privations and poverty, it appears that De Lavillasse continued for several years his actions in Greece and more specifically in Roumeli (main land). This is evidenced by a letter he sent to the Secretary of Defense, asking to allow him to enlist in the &#8220;Regular Corps&#8221; organized by the French General Gerard. A corps that gathered a large number of former irregular warriors during the period of Kapodistrias.<\/p>\n<div id=\"attachment_13342\" style=\"width: 210px\" class=\"wp-caption aligncenter\"><img loading=\"lazy\" decoding=\"async\" aria-describedby=\"caption-attachment-13342\" class=\"size-full wp-image-13342\" src=\"https:\/\/www.eefshp.org\/wp-content\/uploads\/2020\/06\/De-Lavillasse-2.png\" alt=\"\" width=\"200\" height=\"400\" srcset=\"https:\/\/www.eefshp.org\/wp-content\/uploads\/2020\/06\/De-Lavillasse-2.png 200w, https:\/\/www.eefshp.org\/wp-content\/uploads\/2020\/06\/De-Lavillasse-2-150x300.png 150w\" sizes=\"auto, (max-width: 200px) 100vw, 200px\" \/><p id=\"caption-attachment-13342\" class=\"wp-caption-text\"><em>Officer of the Light Regiments of the Regular Army of Greece (archives of GES)<\/em><\/p><\/div>\n<p>Unfortunately, his traces are lost somewhere in Greece, as no further details are known about him.<\/p>\n<p>William St Clair states that De Lavillasse bore the title of marquis in his country, as he came from a noble family. He was also honored with the Legion of Honor for his service in the Grand Army.<\/p>\n<p>De Lavillasse is another freedom fighter, honored by Greece for his contribution to its war of independence.<\/p>\n<p>&nbsp;<\/p>\n<p><strong>SOURCES-BIBLIOGRAPHY<\/strong><\/p>\n<ul>\n<li>Barth Wilhelm &#8211; Max Kehrig-Korn, <em>Die Philhellenenzeit, von der\u00a0Mitte des 18 Jahrhunderts bis zur Ermordung Kapodistrias am 9 Oktober 1831<\/em>, \u03b5\u03ba\u03b4. Hueber, \u039c\u03cc\u03bd\u03b1\u03c7\u03bf<\/li>\n<li>Edward Blaquieres, History of the Greek Revolution, 1825.<\/li>\n<li>Elliot Charles William James (\u03b5\u03c0\u03b9\u03bc.), <em>Campaign of the <\/em><em>Falieri and Piraeus in the year 1827, or Journal of a volunteer, being the personal account of Captain Thomas Douglas Whitcombe<\/em>, \u03b5\u03ba\u03b4. \u0391\u03bc\u03b5\u03c1\u03b9\u03ba\u03b1\u03bd\u03b9\u03ba\u03ae \u03a3\u03c7\u03bf\u03bb\u03ae \u039a\u03bb\u03b1\u03c3\u03b9\u03ba\u03ce\u03bd \u03a3\u03c0\u03bf\u03c5\u03b4\u03ce\u03bd \u03c3\u03c4\u03b7\u03bd \u0391\u03b8\u03ae\u03bd\u03b1, [Gennadeion Monographs, \u03c4. 5], \u03a0\u03c1\u03af\u03bd\u03c3\u03c4\u03bf\u03bd 1992.<\/li>\n<li>Persat Maurice, <em>M\u00e9moires du commandant Persat, 1806 \u00e0 1844<\/em>, \u03b5\u03ba\u03b4. Plon-Nourrit et Cie, \u03a0\u03b1\u03c1\u03af\u03c3\u03b9<\/li>\n<li>Pouqueville Fran\u00e7ois Charles Hugues Laurent, <em>Histoire de la R\u00e9g\u00e9n\u00e9ration de la Gr\u00e8ce \u2013 Comprenant le pr\u00e9cis des \u00e9v\u00e8nements depuis 1740 jusqu&#8217;en 1824<\/em>, \u03c4. 1, \u03b5\u03ba\u03b4. Firmin Didot p\u00e8re et fils, \u03a0\u03b1\u03c1\u03af\u03c3\u03b9<\/li>\n<li>Raybaud Maxime, <em>M\u00e9moires sur la Gr\u00e8ce \u2013 <\/em><em>Pour servir \u00e0 l&#8217;histoire de la guerre de l&#8217;ind\u00e9pendance<\/em>, \u03c4. 1-2, \u03b5\u03ba\u03b4. Tournachon-Molin, \u03a0\u03b1\u03c1\u03af\u03c3\u03b9<\/li>\n<li>St-Clair William, <em>That Greece might still be free \u2013 The Philhellenes in the War of Independence<\/em>, \u03c4. 1, \u03b5\u03ba\u03b4. Oxford University Press, \u039b\u03bf\u03bd\u03b4\u03af\u03bd\u03bf-\u039d\u03ad\u03b1 \u03a5\u03cc\u03c1\u03ba\u03b7<\/li>\n<li><em>\u0391\u03c1\u03c7\u03b5\u03af\u03b1 \u0395\u03bb\u03bb\u03b7\u03bd\u03b9\u03ba\u03ae\u03c2 \u03a0\u03b1\u03bb\u03b9\u03b3\u03b3\u03b5\u03bd\u03b5\u03c3\u03af\u03b1\u03c2 \u03bc\u03ad\u03c7\u03c1\u03b9 \u03c4\u03b7\u03c2 \u03b5\u03b3\u03ba\u03b1\u03c4\u03b1\u03c3\u03c4\u03ac\u03c3\u03b5\u03c9\u03c2 \u03c4\u03b7\u03c2 \u0392\u03b1\u03c3\u03b9\u03bb\u03b5\u03af\u03b1\u03c2,<\/em> \u03c4\u03cc\u03bc\u03bf\u03c2 \u0391\u0384, \u0391\u03b8\u03ae\u03bd\u03b1, 1857.<\/li>\n<li><em>\u0391\u03c1\u03c7\u03b5\u03af\u03b1 \u0395\u03bb\u03bb\u03b7\u03bd\u03b9\u03ba\u03ae\u03c2 \u03a0\u03b1\u03bb\u03b9\u03b3\u03b3\u03b5\u03bd\u03b5\u03c3\u03af\u03b1\u03c2, 1821-1832, \u039b\u03c5\u03c4\u03ac \u03ad\u03b3\u03b3\u03c1\u03b1\u03c6\u03b1 \u0391\u0384 \u03ba\u03b1\u03b9 \u0392\u0384 \u03b2\u03bf\u03c5\u03bb\u03b5\u03c5\u03c4\u03b9\u03ba\u03ae\u03c2 \u03c0\u03b5\u03c1\u03b9\u03cc\u03b4\u03bf\u03c5, <\/em>\u03c4\u03cc\u03bc\u03bf\u03c2 16, \u0391\u03b8\u03ae\u03bd\u03b1, 1999.<\/li>\n<li>\u0392\u03b1\u03ba\u03b1\u03bb\u03cc\u03c0\u03bf\u03c5\u03bb\u03bf\u03c2 \u0391\u03c0\u03cc\u03c3\u03c4\u03bf\u03bb\u03bf\u03c2, <em>\u0399\u03c3\u03c4\u03bf\u03c1\u03af\u03b1 \u03c4\u03bf\u03c5 \u039d\u03ad\u03bf\u03c5 \u0395\u03bb\u03bb\u03b7\u03bd\u03b9\u03c3\u03bc\u03bf\u03cd<\/em>, 1961, \u03c4\u03cc\u03bc\u03bf\u03c2 7<sup>\u03bf\u03c2<\/sup>.<\/li>\n<li>\u0393\u0391\u039a, \u00ab\u0391\u03c1\u03c7\u03b5\u03af\u03bf \u039a\u03c5\u03b2\u03b5\u03c1\u03bd\u03ae\u03c4\u03b7 \u0399\u03c9\u03ac\u03bd\u03bd\u03b7 \u039a\u03b1\u03c0\u03bf\u03b4\u03af\u03c3\u03c4\u03c1\u03b9\u03b1\u00bb, \u0393\u03c1\u03b1\u03bc\u03bc\u03b1\u03c4\u03b5\u03af\u03b1 \u03c4\u03c9\u03bd \u03a3\u03c4\u03c1\u03b1\u03c4\u03b9\u03c9\u03c4\u03b9\u03ba\u03ce\u03bd\u00bb \u03a6. 12, 31.<\/li>\n<li>\u0395\u03b8\u03bd\u03b9\u03ba\u03ae \u0392\u03b9\u03b2\u03bb\u03b9\u03bf\u03b8\u03ae\u03ba\u03b7, \u03a4\u03bc\u03ae\u03bc\u03b1 \u03a7\u03b5\u03b9\u03c1\u03bf\u03b3\u03c1\u03ac\u03c6\u03c9\u03bd \u03ba\u03b1\u03b9 \u039f\u03bc\u03bf\u03b9\u03bf\u03c4\u03cd\u03c0\u03c9\u03bd, \u03c7\u03b5\u03b9\u03c1\u03cc\u03b3\u03c1\u03b1\u03c6\u03bf 1.697: Henri Forn\u00e8sy, \u00abLe monument des philhell\u00e8nes\u00bb, 1860.<\/li>\n<li>\u039f\u03b9\u03ba\u03bf\u03bd\u03cc\u03bc\u03bf\u03c5 \u039c\u03b9\u03c7\u03b1\u03ae\u03bb, <em>\u0399\u03c3\u03c4\u03bf\u03c1\u03b9\u03ba\u03ac \u03c4\u03b7\u03c2 \u0395\u03bb\u03bb\u03b7\u03bd\u03b9\u03ba\u03ae\u03c2 \u03a0\u03b1\u03bb\u03b9\u03b3\u03b3\u03b5\u03bd\u03b5\u03c3\u03af\u03b1\u03c2 \u03ae \u03bf \u0399\u03b5\u03c1\u03cc\u03c2 \u03c4\u03c9\u03bd \u0395\u03bb\u03bb\u03ae\u03bd\u03c9\u03bd \u0391\u03b3\u03ce\u03bd, <\/em>\u0391\u03b8\u03ae\u03bd\u03b1, \u0395\u03ba \u03c4\u03bf\u03c5 \u03a4\u03c5\u03c0\u03bf\u03b3\u03c1\u03b1\u03c6\u03b5\u03af\u03bf\u03c5 \u0398. \u03a0\u03b1\u03c0\u03b1\u03bb\u03b5\u03be\u03b1\u03bd\u03b4\u03c1\u03ae, 1873.<\/li>\n<li>\u03a0\u03bb\u03b1\u03b3\u03b9\u03b1\u03bd\u03ac\u03ba\u03bf\u03c5-\u039c\u03c0\u03b5\u03ba\u03b9\u03ac\u03c1\u03b7 &#8211; \u03a3\u03c4\u03b5\u03c1\u03b3\u03ad\u03bb\u03bb\u03b7\u03c2 (\u03b5\u03c0\u03b9\u03bc.), <em>\u0391\u03c1\u03c7\u03b5\u03af\u03bf \u0399\u03c9\u03ac\u03bd\u03bd\u03b7 \u039a\u03c9\u03bb\u03ad\u03c4\u03c4\u03b7<\/em>, \u03c3\u03c3. 215-216, \u03ad\u03b3\u03b3\u03c1\u03b1\u03c6\u03bf 250, 28 \u0391\u03c0\u03c1\u03b9\u03bb\u03af\u03bf\u03c5\/10 \u039c\u03b1\u0390\u03bf\u03c5 1822.<\/li>\n<li>\u03a3\u03b9\u03bc\u03cc\u03c0\u03bf\u03c5\u03bb\u03bf\u03c2 \u039a\u03c5\u03c1\u03b9\u03ac\u03ba\u03bf\u03c2, <em>\u03a0\u03ce\u03c2 \u03b5\u03af\u03b4\u03b1\u03bd \u03bf\u03b9 \u03be\u03ad\u03bd\u03bf\u03b9 \u03c4\u03b7\u03bd \u0395\u03bb\u03bb\u03ac\u03b4\u03b1 \u03c4\u03bf\u03c5 \u201921 \u2013 \u0391\u03c0\u03bf\u03bc\u03bd\u03b7\u03bc\u03bf\u03bd\u03b5\u03cd\u03bc\u03b1\u03c4\u03b1, \u03c7\u03c1\u03bf\u03bd\u03b9\u03ba\u03ac, \u03b7\u03bc\u03b5\u03c1\u03bf\u03bb\u03cc\u03b3\u03b9\u03b1, \u03c5\u03c0\u03bf\u03bc\u03bd\u03ae\u03bc\u03b1\u03c4\u03b1, \u03b1\u03bb\u03bb\u03b7\u03bb\u03bf\u03b3\u03c1\u03b1\u03c6\u03af\u03b1 \u03b5\u03b8\u03b5\u03bb\u03bf\u03bd\u03c4\u03ce\u03bd, \u03b4\u03b9\u03c0\u03bb\u03c9\u03bc\u03b1\u03c4\u03ce\u03bd, \u03b5\u03b9\u03b4\u03b9\u03ba\u03ce\u03bd \u03b1\u03c0\u03b5\u03c3\u03c4\u03b1\u03bb\u03bc\u03ad\u03bd\u03c9\u03bd, \u03c0\u03b5\u03c1\u03b9\u03b7\u03b3\u03b7\u03c4\u03ce\u03bd, \u03c0\u03c1\u03b1\u03ba\u03c4\u03cc\u03c1\u03c9\u03bd, \u03ba.\u03ac.<\/em>, \u03c4. \u0391\u0384: <em>1821-1822<\/em>, \u03b5\u03ba\u03b4. \u03a3\u03c4\u03ac\u03c7\u03c5, \u0391\u03b8\u03ae\u03bd\u03b1 1990.<\/li>\n<li>\u03a6\u03ce\u03c4\u03b9\u03bf\u03c2 \u03a7\u03c1\u03c5\u03c3\u03b1\u03bd\u03b8\u03b1\u03ba\u03cc\u03c0\u03bf\u03c5\u03bb\u03bf\u03c2 (\u03a6\u03c9\u03c4\u03ac\u03ba\u03bf\u03c2), <em>\u0391\u03c0\u03bf\u03bc\u03bd\u03b7\u03bc\u03bf\u03bd\u03b5\u03cd\u03bc\u03b1\u03c4\u03b1 \u03c0\u03b5\u03c1\u03af \u03c4\u03b7\u03c2 \u0395\u03bb\u03bb\u03b7\u03bd\u03b9\u03ba\u03ae\u03c2 \u0395\u03c0\u03b1\u03bd\u03b1\u03c3\u03c4\u03ac\u03c3\u03b5\u03c9\u03c2, <\/em>\u03c4\u03cc\u03bc\u03bf\u03c2 \u0392\u0384, (1821-1828), \u03b5\u03ba\u03b4\u03cc\u03c3\u03b5\u03b9\u03c2 \u03a0\u03b5\u03bb\u03b5\u03ba\u03ac\u03bd\u03bf\u03c2, 2015.<\/li>\n<li>\u03a6\u03ce\u03c4\u03b9\u03bf\u03c2 \u03a7\u03c1\u03c5\u03c3\u03b1\u03bd\u03b8\u03b1\u03ba\u03cc\u03c0\u03bf\u03c5\u03bb\u03bf\u03c2 (\u03a6\u03c9\u03c4\u03ac\u03ba\u03bf\u03c2), <em>\u0392\u03af\u03bf\u03b9 \u03a0\u03b5\u03bb\u03bf\u03c0\u03bf\u03bd\u03bd\u03b7\u03c3\u03af\u03c9\u03bd \u03b1\u03bd\u03b4\u03c1\u03ce\u03bd<\/em>, \u03a0. \u0394. \u03a3\u03b1\u03ba\u03b5\u03bb\u03bb\u03ac\u03c1\u03b9\u03bf\u03c2, 1888.<\/li>\n<\/ul>\n","protected":false},"excerpt":{"rendered":"<p>&nbsp; &nbsp; During the Greek struggle, many Philhellenes arrived in Greece and fought alongside the Greeks in many different roles and in many different contexts. However, some of them really wanted to understand the character of the Greek warriors and completely adopted the life of the Kleftes. William St Clair estimates these Philhellenes at about [&hellip;]<\/p>\n","protected":false},"author":10,"featured_media":13340,"comment_status":"closed","ping_status":"closed","sticky":false,"template":"","format":"standard","meta":{"inline_featured_image":false,"_exactmetrics_skip_tracking":false,"_exactmetrics_sitenote_active":false,"_exactmetrics_sitenote_note":"","_exactmetrics_sitenote_category":0,"footnotes":""},"categories":[98],"tags":[],"class_list":["post-13347","post","type-post","status-publish","format-standard","has-post-thumbnail","hentry","category-biographies"],"yoast_head":"<!-- This site is optimized with the Yoast SEO plugin v27.5 - https:\/\/yoast.com\/product\/yoast-seo-wordpress\/ -->\n<title>Hyacinthe De Lavillasse, French chieftain in Greece, Chief of Staff of Kolokotronis - \u0395\u03c4\u03b1\u03b9\u03c1\u03b5\u03af\u03b1 \u03b3\u03b9\u03b1 \u03c4\u03bf\u03bd \u0395\u03bb\u03bb\u03b7\u03bd\u03b9\u03c3\u03bc\u03cc \u03ba\u03b1\u03b9 \u03c4\u03bf\u03bd \u03a6\u03b9\u03bb\u03b5\u03bb\u03bb\u03b7\u03bd\u03b9\u03c3\u03bc\u03cc<\/title>\n<meta name=\"robots\" content=\"index, follow, max-snippet:-1, max-image-preview:large, max-video-preview:-1\" \/>\n<link rel=\"canonical\" href=\"https:\/\/www.eefshp.org\/en\/hyacinthe-de-lavillasse-french-chieftain-in-greece-chief-of-staff-of-kolokotronis\/\" \/>\n<meta property=\"og:locale\" content=\"en_US\" \/>\n<meta property=\"og:type\" content=\"article\" \/>\n<meta property=\"og:title\" content=\"Hyacinthe De Lavillasse, French chieftain in Greece, Chief of Staff of Kolokotronis - \u0395\u03c4\u03b1\u03b9\u03c1\u03b5\u03af\u03b1 \u03b3\u03b9\u03b1 \u03c4\u03bf\u03bd \u0395\u03bb\u03bb\u03b7\u03bd\u03b9\u03c3\u03bc\u03cc \u03ba\u03b1\u03b9 \u03c4\u03bf\u03bd \u03a6\u03b9\u03bb\u03b5\u03bb\u03bb\u03b7\u03bd\u03b9\u03c3\u03bc\u03cc\" \/>\n<meta property=\"og:description\" content=\"&nbsp; &nbsp; During the Greek struggle, many Philhellenes arrived in Greece and fought alongside the Greeks in many different roles and in many different contexts. However, some of them really wanted to understand the character of the Greek warriors and completely adopted the life of the Kleftes. William St Clair estimates these Philhellenes at about [&hellip;]\" \/>\n<meta property=\"og:url\" content=\"https:\/\/www.eefshp.org\/en\/hyacinthe-de-lavillasse-french-chieftain-in-greece-chief-of-staff-of-kolokotronis\/\" \/>\n<meta property=\"og:site_name\" content=\"\u0395\u03c4\u03b1\u03b9\u03c1\u03b5\u03af\u03b1 \u03b3\u03b9\u03b1 \u03c4\u03bf\u03bd \u0395\u03bb\u03bb\u03b7\u03bd\u03b9\u03c3\u03bc\u03cc \u03ba\u03b1\u03b9 \u03c4\u03bf\u03bd \u03a6\u03b9\u03bb\u03b5\u03bb\u03bb\u03b7\u03bd\u03b9\u03c3\u03bc\u03cc\" \/>\n<meta property=\"article:published_time\" content=\"2020-06-19T15:40:51+00:00\" \/>\n<meta property=\"og:image\" content=\"https:\/\/www.eefshp.org\/wp-content\/uploads\/2020\/06\/De-Lavillasse-1.jpg\" \/>\n\t<meta property=\"og:image:width\" content=\"579\" \/>\n\t<meta property=\"og:image:height\" content=\"758\" \/>\n\t<meta property=\"og:image:type\" content=\"image\/jpeg\" \/>\n<meta name=\"author\" content=\"Admin\" \/>\n<meta name=\"twitter:card\" content=\"summary_large_image\" \/>\n<meta name=\"twitter:label1\" content=\"Written by\" \/>\n\t<meta name=\"twitter:data1\" content=\"Admin\" \/>\n\t<meta name=\"twitter:label2\" content=\"Est. reading time\" \/>\n\t<meta name=\"twitter:data2\" content=\"8 minutes\" \/>\n<script type=\"application\/ld+json\" class=\"yoast-schema-graph\">{\"@context\":\"https:\\\/\\\/schema.org\",\"@graph\":[{\"@type\":\"Article\",\"@id\":\"https:\\\/\\\/www.eefshp.org\\\/en\\\/hyacinthe-de-lavillasse-french-chieftain-in-greece-chief-of-staff-of-kolokotronis\\\/#article\",\"isPartOf\":{\"@id\":\"https:\\\/\\\/www.eefshp.org\\\/en\\\/hyacinthe-de-lavillasse-french-chieftain-in-greece-chief-of-staff-of-kolokotronis\\\/\"},\"author\":{\"name\":\"Admin\",\"@id\":\"https:\\\/\\\/www.eefshp.org\\\/#\\\/schema\\\/person\\\/326167d6a4192597b9caceb5ad7c3bcf\"},\"headline\":\"Hyacinthe De Lavillasse, French chieftain in Greece, Chief of Staff of Kolokotronis\",\"datePublished\":\"2020-06-19T15:40:51+00:00\",\"mainEntityOfPage\":{\"@id\":\"https:\\\/\\\/www.eefshp.org\\\/en\\\/hyacinthe-de-lavillasse-french-chieftain-in-greece-chief-of-staff-of-kolokotronis\\\/\"},\"wordCount\":1542,\"publisher\":{\"@id\":\"https:\\\/\\\/www.eefshp.org\\\/#organization\"},\"image\":{\"@id\":\"https:\\\/\\\/www.eefshp.org\\\/en\\\/hyacinthe-de-lavillasse-french-chieftain-in-greece-chief-of-staff-of-kolokotronis\\\/#primaryimage\"},\"thumbnailUrl\":\"https:\\\/\\\/www.eefshp.org\\\/wp-content\\\/uploads\\\/2020\\\/06\\\/De-Lavillasse-1.jpg\",\"articleSection\":[\"Biographies\"],\"inLanguage\":\"en-US\"},{\"@type\":\"WebPage\",\"@id\":\"https:\\\/\\\/www.eefshp.org\\\/en\\\/hyacinthe-de-lavillasse-french-chieftain-in-greece-chief-of-staff-of-kolokotronis\\\/\",\"url\":\"https:\\\/\\\/www.eefshp.org\\\/en\\\/hyacinthe-de-lavillasse-french-chieftain-in-greece-chief-of-staff-of-kolokotronis\\\/\",\"name\":\"Hyacinthe De Lavillasse, French chieftain in Greece, Chief of Staff of Kolokotronis - \u0395\u03c4\u03b1\u03b9\u03c1\u03b5\u03af\u03b1 \u03b3\u03b9\u03b1 \u03c4\u03bf\u03bd \u0395\u03bb\u03bb\u03b7\u03bd\u03b9\u03c3\u03bc\u03cc \u03ba\u03b1\u03b9 \u03c4\u03bf\u03bd \u03a6\u03b9\u03bb\u03b5\u03bb\u03bb\u03b7\u03bd\u03b9\u03c3\u03bc\u03cc\",\"isPartOf\":{\"@id\":\"https:\\\/\\\/www.eefshp.org\\\/#website\"},\"primaryImageOfPage\":{\"@id\":\"https:\\\/\\\/www.eefshp.org\\\/en\\\/hyacinthe-de-lavillasse-french-chieftain-in-greece-chief-of-staff-of-kolokotronis\\\/#primaryimage\"},\"image\":{\"@id\":\"https:\\\/\\\/www.eefshp.org\\\/en\\\/hyacinthe-de-lavillasse-french-chieftain-in-greece-chief-of-staff-of-kolokotronis\\\/#primaryimage\"},\"thumbnailUrl\":\"https:\\\/\\\/www.eefshp.org\\\/wp-content\\\/uploads\\\/2020\\\/06\\\/De-Lavillasse-1.jpg\",\"datePublished\":\"2020-06-19T15:40:51+00:00\",\"breadcrumb\":{\"@id\":\"https:\\\/\\\/www.eefshp.org\\\/en\\\/hyacinthe-de-lavillasse-french-chieftain-in-greece-chief-of-staff-of-kolokotronis\\\/#breadcrumb\"},\"inLanguage\":\"en-US\",\"potentialAction\":[{\"@type\":\"ReadAction\",\"target\":[\"https:\\\/\\\/www.eefshp.org\\\/en\\\/hyacinthe-de-lavillasse-french-chieftain-in-greece-chief-of-staff-of-kolokotronis\\\/\"]}]},{\"@type\":\"ImageObject\",\"inLanguage\":\"en-US\",\"@id\":\"https:\\\/\\\/www.eefshp.org\\\/en\\\/hyacinthe-de-lavillasse-french-chieftain-in-greece-chief-of-staff-of-kolokotronis\\\/#primaryimage\",\"url\":\"https:\\\/\\\/www.eefshp.org\\\/wp-content\\\/uploads\\\/2020\\\/06\\\/De-Lavillasse-1.jpg\",\"contentUrl\":\"https:\\\/\\\/www.eefshp.org\\\/wp-content\\\/uploads\\\/2020\\\/06\\\/De-Lavillasse-1.jpg\",\"width\":579,\"height\":758,\"caption\":\"\u03a0\u03af\u03bd\u03b1\u03ba\u03b1\u03c2 \u03c4\u03bf\u03c5 \u0393\u03b5\u03c1\u03bc\u03b1\u03bd\u03bf\u03cd \u03b6\u03c9\u03b3\u03c1\u03ac\u03c6\u03bf\u03c5 Peter von Hess (1792-1871). \u03a0\u03b1\u03c1\u03bf\u03c5\u03c3\u03b9\u03ac\u03b6\u03b5\u03b9 \u03a6\u03b9\u03bb\u03ad\u03bb\u03bb\u03b7\u03bd\u03b1 \u03bc\u03b5 \u0395\u03bb\u03bb\u03b7\u03bd\u03b9\u03ba\u03ae \u03c3\u03c4\u03bf\u03bb\u03ae.\"},{\"@type\":\"BreadcrumbList\",\"@id\":\"https:\\\/\\\/www.eefshp.org\\\/en\\\/hyacinthe-de-lavillasse-french-chieftain-in-greece-chief-of-staff-of-kolokotronis\\\/#breadcrumb\",\"itemListElement\":[{\"@type\":\"ListItem\",\"position\":1,\"name\":\"Home\",\"item\":\"https:\\\/\\\/www.eefshp.org\\\/en\\\/\"},{\"@type\":\"ListItem\",\"position\":2,\"name\":\"Hyacinthe De Lavillasse, French chieftain in Greece, Chief of Staff of Kolokotronis\"}]},{\"@type\":\"WebSite\",\"@id\":\"https:\\\/\\\/www.eefshp.org\\\/#website\",\"url\":\"https:\\\/\\\/www.eefshp.org\\\/\",\"name\":\"\u0395\u03c4\u03b1\u03b9\u03c1\u03b5\u03af\u03b1 \u03b3\u03b9\u03b1 \u03c4\u03bf\u03bd \u0395\u03bb\u03bb\u03b7\u03bd\u03b9\u03c3\u03bc\u03cc \u03ba\u03b1\u03b9 \u03c4\u03bf\u03bd \u03a6\u03b9\u03bb\u03b5\u03bb\u03bb\u03b7\u03bd\u03b9\u03c3\u03bc\u03cc\",\"description\":\"\",\"publisher\":{\"@id\":\"https:\\\/\\\/www.eefshp.org\\\/#organization\"},\"potentialAction\":[{\"@type\":\"SearchAction\",\"target\":{\"@type\":\"EntryPoint\",\"urlTemplate\":\"https:\\\/\\\/www.eefshp.org\\\/?s={search_term_string}\"},\"query-input\":{\"@type\":\"PropertyValueSpecification\",\"valueRequired\":true,\"valueName\":\"search_term_string\"}}],\"inLanguage\":\"en-US\"},{\"@type\":\"Organization\",\"@id\":\"https:\\\/\\\/www.eefshp.org\\\/#organization\",\"name\":\"\u0395\u03c4\u03b1\u03b9\u03c1\u03b5\u03af\u03b1 \u03b3\u03b9\u03b1 \u03c4\u03bf\u03bd \u0395\u03bb\u03bb\u03b7\u03bd\u03b9\u03c3\u03bc\u03cc \u03ba\u03b1\u03b9 \u03c4\u03bf\u03bd \u03a6\u03b9\u03bb\u03b5\u03bb\u03bb\u03b7\u03bd\u03b9\u03c3\u03bc\u03cc\",\"url\":\"https:\\\/\\\/www.eefshp.org\\\/\",\"logo\":{\"@type\":\"ImageObject\",\"inLanguage\":\"en-US\",\"@id\":\"https:\\\/\\\/www.eefshp.org\\\/#\\\/schema\\\/logo\\\/image\\\/\",\"url\":\"https:\\\/\\\/www.eefshp.org\\\/wp-content\\\/uploads\\\/2019\\\/04\\\/logo_eefshp_80h_EL.png\",\"contentUrl\":\"https:\\\/\\\/www.eefshp.org\\\/wp-content\\\/uploads\\\/2019\\\/04\\\/logo_eefshp_80h_EL.png\",\"width\":358,\"height\":80,\"caption\":\"\u0395\u03c4\u03b1\u03b9\u03c1\u03b5\u03af\u03b1 \u03b3\u03b9\u03b1 \u03c4\u03bf\u03bd \u0395\u03bb\u03bb\u03b7\u03bd\u03b9\u03c3\u03bc\u03cc \u03ba\u03b1\u03b9 \u03c4\u03bf\u03bd \u03a6\u03b9\u03bb\u03b5\u03bb\u03bb\u03b7\u03bd\u03b9\u03c3\u03bc\u03cc\"},\"image\":{\"@id\":\"https:\\\/\\\/www.eefshp.org\\\/#\\\/schema\\\/logo\\\/image\\\/\"}},{\"@type\":\"Person\",\"@id\":\"https:\\\/\\\/www.eefshp.org\\\/#\\\/schema\\\/person\\\/326167d6a4192597b9caceb5ad7c3bcf\",\"name\":\"Admin\",\"image\":{\"@type\":\"ImageObject\",\"inLanguage\":\"en-US\",\"@id\":\"https:\\\/\\\/secure.gravatar.com\\\/avatar\\\/03a7fe73b46c2784bfc2a598115ccc6614d58eb407e06183a7afe5e50bcc56fa?s=96&d=mm&r=g\",\"url\":\"https:\\\/\\\/secure.gravatar.com\\\/avatar\\\/03a7fe73b46c2784bfc2a598115ccc6614d58eb407e06183a7afe5e50bcc56fa?s=96&d=mm&r=g\",\"contentUrl\":\"https:\\\/\\\/secure.gravatar.com\\\/avatar\\\/03a7fe73b46c2784bfc2a598115ccc6614d58eb407e06183a7afe5e50bcc56fa?s=96&d=mm&r=g\",\"caption\":\"Admin\"}}]}<\/script>\n<!-- \/ Yoast SEO plugin. -->","yoast_head_json":{"title":"Hyacinthe De Lavillasse, French chieftain in Greece, Chief of Staff of Kolokotronis - \u0395\u03c4\u03b1\u03b9\u03c1\u03b5\u03af\u03b1 \u03b3\u03b9\u03b1 \u03c4\u03bf\u03bd \u0395\u03bb\u03bb\u03b7\u03bd\u03b9\u03c3\u03bc\u03cc \u03ba\u03b1\u03b9 \u03c4\u03bf\u03bd \u03a6\u03b9\u03bb\u03b5\u03bb\u03bb\u03b7\u03bd\u03b9\u03c3\u03bc\u03cc","robots":{"index":"index","follow":"follow","max-snippet":"max-snippet:-1","max-image-preview":"max-image-preview:large","max-video-preview":"max-video-preview:-1"},"canonical":"https:\/\/www.eefshp.org\/en\/hyacinthe-de-lavillasse-french-chieftain-in-greece-chief-of-staff-of-kolokotronis\/","og_locale":"en_US","og_type":"article","og_title":"Hyacinthe De Lavillasse, French chieftain in Greece, Chief of Staff of Kolokotronis - \u0395\u03c4\u03b1\u03b9\u03c1\u03b5\u03af\u03b1 \u03b3\u03b9\u03b1 \u03c4\u03bf\u03bd \u0395\u03bb\u03bb\u03b7\u03bd\u03b9\u03c3\u03bc\u03cc \u03ba\u03b1\u03b9 \u03c4\u03bf\u03bd \u03a6\u03b9\u03bb\u03b5\u03bb\u03bb\u03b7\u03bd\u03b9\u03c3\u03bc\u03cc","og_description":"&nbsp; &nbsp; During the Greek struggle, many Philhellenes arrived in Greece and fought alongside the Greeks in many different roles and in many different contexts. However, some of them really wanted to understand the character of the Greek warriors and completely adopted the life of the Kleftes. William St Clair estimates these Philhellenes at about [&hellip;]","og_url":"https:\/\/www.eefshp.org\/en\/hyacinthe-de-lavillasse-french-chieftain-in-greece-chief-of-staff-of-kolokotronis\/","og_site_name":"\u0395\u03c4\u03b1\u03b9\u03c1\u03b5\u03af\u03b1 \u03b3\u03b9\u03b1 \u03c4\u03bf\u03bd \u0395\u03bb\u03bb\u03b7\u03bd\u03b9\u03c3\u03bc\u03cc \u03ba\u03b1\u03b9 \u03c4\u03bf\u03bd \u03a6\u03b9\u03bb\u03b5\u03bb\u03bb\u03b7\u03bd\u03b9\u03c3\u03bc\u03cc","article_published_time":"2020-06-19T15:40:51+00:00","og_image":[{"width":579,"height":758,"url":"https:\/\/www.eefshp.org\/wp-content\/uploads\/2020\/06\/De-Lavillasse-1.jpg","type":"image\/jpeg"}],"author":"Admin","twitter_card":"summary_large_image","twitter_misc":{"Written by":"Admin","Est. reading time":"8 minutes"},"schema":{"@context":"https:\/\/schema.org","@graph":[{"@type":"Article","@id":"https:\/\/www.eefshp.org\/en\/hyacinthe-de-lavillasse-french-chieftain-in-greece-chief-of-staff-of-kolokotronis\/#article","isPartOf":{"@id":"https:\/\/www.eefshp.org\/en\/hyacinthe-de-lavillasse-french-chieftain-in-greece-chief-of-staff-of-kolokotronis\/"},"author":{"name":"Admin","@id":"https:\/\/www.eefshp.org\/#\/schema\/person\/326167d6a4192597b9caceb5ad7c3bcf"},"headline":"Hyacinthe De Lavillasse, French chieftain in Greece, Chief of Staff of Kolokotronis","datePublished":"2020-06-19T15:40:51+00:00","mainEntityOfPage":{"@id":"https:\/\/www.eefshp.org\/en\/hyacinthe-de-lavillasse-french-chieftain-in-greece-chief-of-staff-of-kolokotronis\/"},"wordCount":1542,"publisher":{"@id":"https:\/\/www.eefshp.org\/#organization"},"image":{"@id":"https:\/\/www.eefshp.org\/en\/hyacinthe-de-lavillasse-french-chieftain-in-greece-chief-of-staff-of-kolokotronis\/#primaryimage"},"thumbnailUrl":"https:\/\/www.eefshp.org\/wp-content\/uploads\/2020\/06\/De-Lavillasse-1.jpg","articleSection":["Biographies"],"inLanguage":"en-US"},{"@type":"WebPage","@id":"https:\/\/www.eefshp.org\/en\/hyacinthe-de-lavillasse-french-chieftain-in-greece-chief-of-staff-of-kolokotronis\/","url":"https:\/\/www.eefshp.org\/en\/hyacinthe-de-lavillasse-french-chieftain-in-greece-chief-of-staff-of-kolokotronis\/","name":"Hyacinthe De Lavillasse, French chieftain in Greece, Chief of Staff of Kolokotronis - \u0395\u03c4\u03b1\u03b9\u03c1\u03b5\u03af\u03b1 \u03b3\u03b9\u03b1 \u03c4\u03bf\u03bd \u0395\u03bb\u03bb\u03b7\u03bd\u03b9\u03c3\u03bc\u03cc \u03ba\u03b1\u03b9 \u03c4\u03bf\u03bd \u03a6\u03b9\u03bb\u03b5\u03bb\u03bb\u03b7\u03bd\u03b9\u03c3\u03bc\u03cc","isPartOf":{"@id":"https:\/\/www.eefshp.org\/#website"},"primaryImageOfPage":{"@id":"https:\/\/www.eefshp.org\/en\/hyacinthe-de-lavillasse-french-chieftain-in-greece-chief-of-staff-of-kolokotronis\/#primaryimage"},"image":{"@id":"https:\/\/www.eefshp.org\/en\/hyacinthe-de-lavillasse-french-chieftain-in-greece-chief-of-staff-of-kolokotronis\/#primaryimage"},"thumbnailUrl":"https:\/\/www.eefshp.org\/wp-content\/uploads\/2020\/06\/De-Lavillasse-1.jpg","datePublished":"2020-06-19T15:40:51+00:00","breadcrumb":{"@id":"https:\/\/www.eefshp.org\/en\/hyacinthe-de-lavillasse-french-chieftain-in-greece-chief-of-staff-of-kolokotronis\/#breadcrumb"},"inLanguage":"en-US","potentialAction":[{"@type":"ReadAction","target":["https:\/\/www.eefshp.org\/en\/hyacinthe-de-lavillasse-french-chieftain-in-greece-chief-of-staff-of-kolokotronis\/"]}]},{"@type":"ImageObject","inLanguage":"en-US","@id":"https:\/\/www.eefshp.org\/en\/hyacinthe-de-lavillasse-french-chieftain-in-greece-chief-of-staff-of-kolokotronis\/#primaryimage","url":"https:\/\/www.eefshp.org\/wp-content\/uploads\/2020\/06\/De-Lavillasse-1.jpg","contentUrl":"https:\/\/www.eefshp.org\/wp-content\/uploads\/2020\/06\/De-Lavillasse-1.jpg","width":579,"height":758,"caption":"\u03a0\u03af\u03bd\u03b1\u03ba\u03b1\u03c2 \u03c4\u03bf\u03c5 \u0393\u03b5\u03c1\u03bc\u03b1\u03bd\u03bf\u03cd \u03b6\u03c9\u03b3\u03c1\u03ac\u03c6\u03bf\u03c5 Peter von Hess (1792-1871). \u03a0\u03b1\u03c1\u03bf\u03c5\u03c3\u03b9\u03ac\u03b6\u03b5\u03b9 \u03a6\u03b9\u03bb\u03ad\u03bb\u03bb\u03b7\u03bd\u03b1 \u03bc\u03b5 \u0395\u03bb\u03bb\u03b7\u03bd\u03b9\u03ba\u03ae \u03c3\u03c4\u03bf\u03bb\u03ae."},{"@type":"BreadcrumbList","@id":"https:\/\/www.eefshp.org\/en\/hyacinthe-de-lavillasse-french-chieftain-in-greece-chief-of-staff-of-kolokotronis\/#breadcrumb","itemListElement":[{"@type":"ListItem","position":1,"name":"Home","item":"https:\/\/www.eefshp.org\/en\/"},{"@type":"ListItem","position":2,"name":"Hyacinthe De Lavillasse, French chieftain in Greece, Chief of Staff of Kolokotronis"}]},{"@type":"WebSite","@id":"https:\/\/www.eefshp.org\/#website","url":"https:\/\/www.eefshp.org\/","name":"\u0395\u03c4\u03b1\u03b9\u03c1\u03b5\u03af\u03b1 \u03b3\u03b9\u03b1 \u03c4\u03bf\u03bd \u0395\u03bb\u03bb\u03b7\u03bd\u03b9\u03c3\u03bc\u03cc \u03ba\u03b1\u03b9 \u03c4\u03bf\u03bd \u03a6\u03b9\u03bb\u03b5\u03bb\u03bb\u03b7\u03bd\u03b9\u03c3\u03bc\u03cc","description":"","publisher":{"@id":"https:\/\/www.eefshp.org\/#organization"},"potentialAction":[{"@type":"SearchAction","target":{"@type":"EntryPoint","urlTemplate":"https:\/\/www.eefshp.org\/?s={search_term_string}"},"query-input":{"@type":"PropertyValueSpecification","valueRequired":true,"valueName":"search_term_string"}}],"inLanguage":"en-US"},{"@type":"Organization","@id":"https:\/\/www.eefshp.org\/#organization","name":"\u0395\u03c4\u03b1\u03b9\u03c1\u03b5\u03af\u03b1 \u03b3\u03b9\u03b1 \u03c4\u03bf\u03bd \u0395\u03bb\u03bb\u03b7\u03bd\u03b9\u03c3\u03bc\u03cc \u03ba\u03b1\u03b9 \u03c4\u03bf\u03bd \u03a6\u03b9\u03bb\u03b5\u03bb\u03bb\u03b7\u03bd\u03b9\u03c3\u03bc\u03cc","url":"https:\/\/www.eefshp.org\/","logo":{"@type":"ImageObject","inLanguage":"en-US","@id":"https:\/\/www.eefshp.org\/#\/schema\/logo\/image\/","url":"https:\/\/www.eefshp.org\/wp-content\/uploads\/2019\/04\/logo_eefshp_80h_EL.png","contentUrl":"https:\/\/www.eefshp.org\/wp-content\/uploads\/2019\/04\/logo_eefshp_80h_EL.png","width":358,"height":80,"caption":"\u0395\u03c4\u03b1\u03b9\u03c1\u03b5\u03af\u03b1 \u03b3\u03b9\u03b1 \u03c4\u03bf\u03bd \u0395\u03bb\u03bb\u03b7\u03bd\u03b9\u03c3\u03bc\u03cc \u03ba\u03b1\u03b9 \u03c4\u03bf\u03bd \u03a6\u03b9\u03bb\u03b5\u03bb\u03bb\u03b7\u03bd\u03b9\u03c3\u03bc\u03cc"},"image":{"@id":"https:\/\/www.eefshp.org\/#\/schema\/logo\/image\/"}},{"@type":"Person","@id":"https:\/\/www.eefshp.org\/#\/schema\/person\/326167d6a4192597b9caceb5ad7c3bcf","name":"Admin","image":{"@type":"ImageObject","inLanguage":"en-US","@id":"https:\/\/secure.gravatar.com\/avatar\/03a7fe73b46c2784bfc2a598115ccc6614d58eb407e06183a7afe5e50bcc56fa?s=96&d=mm&r=g","url":"https:\/\/secure.gravatar.com\/avatar\/03a7fe73b46c2784bfc2a598115ccc6614d58eb407e06183a7afe5e50bcc56fa?s=96&d=mm&r=g","contentUrl":"https:\/\/secure.gravatar.com\/avatar\/03a7fe73b46c2784bfc2a598115ccc6614d58eb407e06183a7afe5e50bcc56fa?s=96&d=mm&r=g","caption":"Admin"}}]}},"_links":{"self":[{"href":"https:\/\/www.eefshp.org\/en\/wp-json\/wp\/v2\/posts\/13347","targetHints":{"allow":["GET"]}}],"collection":[{"href":"https:\/\/www.eefshp.org\/en\/wp-json\/wp\/v2\/posts"}],"about":[{"href":"https:\/\/www.eefshp.org\/en\/wp-json\/wp\/v2\/types\/post"}],"author":[{"embeddable":true,"href":"https:\/\/www.eefshp.org\/en\/wp-json\/wp\/v2\/users\/10"}],"replies":[{"embeddable":true,"href":"https:\/\/www.eefshp.org\/en\/wp-json\/wp\/v2\/comments?post=13347"}],"version-history":[{"count":2,"href":"https:\/\/www.eefshp.org\/en\/wp-json\/wp\/v2\/posts\/13347\/revisions"}],"predecessor-version":[{"id":13349,"href":"https:\/\/www.eefshp.org\/en\/wp-json\/wp\/v2\/posts\/13347\/revisions\/13349"}],"wp:featuredmedia":[{"embeddable":true,"href":"https:\/\/www.eefshp.org\/en\/wp-json\/wp\/v2\/media\/13340"}],"wp:attachment":[{"href":"https:\/\/www.eefshp.org\/en\/wp-json\/wp\/v2\/media?parent=13347"}],"wp:term":[{"taxonomy":"category","embeddable":true,"href":"https:\/\/www.eefshp.org\/en\/wp-json\/wp\/v2\/categories?post=13347"},{"taxonomy":"post_tag","embeddable":true,"href":"https:\/\/www.eefshp.org\/en\/wp-json\/wp\/v2\/tags?post=13347"}],"curies":[{"name":"wp","href":"https:\/\/api.w.org\/{rel}","templated":true}]}}