{"id":15603,"date":"2021-02-22T19:01:28","date_gmt":"2021-02-22T17:01:28","guid":{"rendered":"https:\/\/www.eefshp.org\/?p=15603"},"modified":"2021-02-22T19:01:28","modified_gmt":"2021-02-22T17:01:28","slug":"royal-houses-and-philhellenism-during-the-19th-century","status":"publish","type":"post","link":"https:\/\/www.eefshp.org\/en\/royal-houses-and-philhellenism-during-the-19th-century\/","title":{"rendered":"Royal houses and Philhellenism during the 19th century"},"content":{"rendered":"<p>&nbsp;<\/p>\n<div id=\"attachment_15580\" style=\"width: 382px\" class=\"wp-caption aligncenter\"><img loading=\"lazy\" decoding=\"async\" aria-describedby=\"caption-attachment-15580\" class=\" wp-image-15580\" src=\"https:\/\/www.eefshp.org\/wp-content\/uploads\/2021\/02\/\u039c\u03bf\u03bd\u03b1\u03c1\u03c7\u03b9\u03ba\u03bf\u03af-\u03bf\u03af\u03ba\u03bf\u03b9-1.png\" alt=\"\" width=\"372\" height=\"485\" srcset=\"https:\/\/www.eefshp.org\/wp-content\/uploads\/2021\/02\/\u039c\u03bf\u03bd\u03b1\u03c1\u03c7\u03b9\u03ba\u03bf\u03af-\u03bf\u03af\u03ba\u03bf\u03b9-1.png 672w, https:\/\/www.eefshp.org\/wp-content\/uploads\/2021\/02\/\u039c\u03bf\u03bd\u03b1\u03c1\u03c7\u03b9\u03ba\u03bf\u03af-\u03bf\u03af\u03ba\u03bf\u03b9-1-230x300.png 230w, https:\/\/www.eefshp.org\/wp-content\/uploads\/2021\/02\/\u039c\u03bf\u03bd\u03b1\u03c1\u03c7\u03b9\u03ba\u03bf\u03af-\u03bf\u03af\u03ba\u03bf\u03b9-1-541x705.png 541w, https:\/\/www.eefshp.org\/wp-content\/uploads\/2021\/02\/\u039c\u03bf\u03bd\u03b1\u03c1\u03c7\u03b9\u03ba\u03bf\u03af-\u03bf\u03af\u03ba\u03bf\u03b9-1-450x586.png 450w\" sizes=\"auto, (max-width: 372px) 100vw, 372px\" \/><p id=\"caption-attachment-15580\" class=\"wp-caption-text\">The royal family of Bavaria admires the painting of Von Hess on the arrival of Othon in Nafplio<\/p><\/div>\n<p>&nbsp;<\/p>\n<p>Dr. Eleni Leontidou and SHP\u2019s Scientific Committee<\/p>\n<p>&nbsp;<\/p>\n<p>The international circumstances at the time of the outbreak of the Greek revolution were less than favorable for the Greeks: after the end of the Napoleonic Wars, the leaders of the European powers met in Vienna, where they agreed on adopting a common policy for maintaining the European status quo. This stance came as a reaction to prior wars and catastrophes: the French Revolution had led to a regime of terror, and eventually brought Napoleon to power. Napoleon\u2019s rise provoked a series of wars with great costs for Europe. Because of their obsession with maintaining order and balance of power, in order to avoid new conflicts, the great European powers, and in particular Prussia, Russia and Austria, founding members of the \u2018Holy Alliance\u2019, were particularly hostile towards any threat of revolution or republicanism.<\/p>\n<p>The Greek revolutionaries, however, had considerable support from the public. Members of the European elite saw themselves as the spiritual heirs of classical Greece and tended to view the Ottomans as barbarous tyrants.<\/p>\n<p>This often applied for the royal families of Europe as well. Many royals had strong philhellenic feelings even preceding the outbreak of the revolution. An example is Caroline von Braunschweig-Wolfenb\u00fcttel (1768 &#8211; 1821), the wife of the then Prince of Wales King George IV of Great Britain. The queen had a great love and admiration for classical Greece and the Greeks. In 1816, during a tour of the East, she visited Athens where she carried out archaeological excavations and expressed her support for the Philomuse Society, a society founded with the help of the English with the aim of educating young people and cultivating a national consciousness.<a href=\"#_ftn1\" name=\"_ftnref1\">[1]<\/a><\/p>\n<p>&nbsp;<\/p>\n<div id=\"attachment_15582\" style=\"width: 287px\" class=\"wp-caption aligncenter\"><img loading=\"lazy\" decoding=\"async\" aria-describedby=\"caption-attachment-15582\" class=\" wp-image-15582\" src=\"https:\/\/www.eefshp.org\/wp-content\/uploads\/2021\/02\/\u039c\u03bf\u03bd\u03b1\u03c1\u03c7\u03b9\u03ba\u03bf\u03af-\u03bf\u03af\u03ba\u03bf\u03b9-2.jpg\" alt=\"\" width=\"277\" height=\"363\" \/><p id=\"caption-attachment-15582\" class=\"wp-caption-text\">Caroline von Braunschweig-Wolfenb\u00fcttel (1768-1821)<\/p><\/div>\n<p>&nbsp;<\/p>\n<p>The philhellenic feelings of the members of the royal families were manifested through generous contributions to various fundraisers, organized by the philhellenic committees of Europe, to provide financial support for the Greek revolutionaries. There was also one member of a royal European family who played an instrumental role in the establishment and financing of a philhellenic committee. She was the sister of the Swedish king, Princess Sophia Albertina of Sweden, who had transformed the palace into a center of philhellenism and founded, after the outbreak of the Greek Revolution, a philhellenic women&#8217;s committee.<a href=\"#_ftn2\" name=\"_ftnref2\">[2]<\/a><\/p>\n<p>&nbsp;<\/p>\n<div id=\"attachment_15584\" style=\"width: 287px\" class=\"wp-caption aligncenter\"><img loading=\"lazy\" decoding=\"async\" aria-describedby=\"caption-attachment-15584\" class=\"wp-image-15584\" src=\"https:\/\/www.eefshp.org\/wp-content\/uploads\/2021\/02\/\u039c\u03bf\u03bd\u03b1\u03c1\u03c7\u03b9\u03ba\u03bf\u03af-\u03bf\u03af\u03ba\u03bf\u03b9-3.jpg\" alt=\"\" width=\"277\" height=\"369\" \/><p id=\"caption-attachment-15584\" class=\"wp-caption-text\">Sophia Albertina of Sweden (1753 \u2013 1829)<\/p><\/div>\n<p>&nbsp;<\/p>\n<p>The heir to the Danish throne, Prince Christian Frederick, who later became King Christian VIII, was another supporter of the Greek Revolution. In 1814 he responded anonymously to a fundraiser organized by the Danish priest Hans Bastholm, contributing the sum of 500 talers.<\/p>\n<p>&nbsp;<\/p>\n<div id=\"attachment_15586\" style=\"width: 287px\" class=\"wp-caption aligncenter\"><img loading=\"lazy\" decoding=\"async\" aria-describedby=\"caption-attachment-15586\" class=\"wp-image-15586\" src=\"https:\/\/www.eefshp.org\/wp-content\/uploads\/2021\/02\/\u039c\u03bf\u03bd\u03b1\u03c1\u03c7\u03b9\u03ba\u03bf\u03af-\u03bf\u03af\u03ba\u03bf\u03b9-4.jpg\" alt=\"\" width=\"277\" height=\"452\" srcset=\"https:\/\/www.eefshp.org\/wp-content\/uploads\/2021\/02\/\u039c\u03bf\u03bd\u03b1\u03c1\u03c7\u03b9\u03ba\u03bf\u03af-\u03bf\u03af\u03ba\u03bf\u03b9-4.jpg 220w, https:\/\/www.eefshp.org\/wp-content\/uploads\/2021\/02\/\u039c\u03bf\u03bd\u03b1\u03c1\u03c7\u03b9\u03ba\u03bf\u03af-\u03bf\u03af\u03ba\u03bf\u03b9-4-184x300.jpg 184w\" sizes=\"auto, (max-width: 277px) 100vw, 277px\" \/><p id=\"caption-attachment-15586\" class=\"wp-caption-text\">Christian VIII, King of Denmark (1786 \u2013 1848)<\/p><\/div>\n<p>&nbsp;<\/p>\n<p>In August 1821 he sent C. L. J. Von Wedekind, a Lieutenant of the Danish Army, to Greece.\u00a0 At the beginning of 1822 Wedekind, went to Paris, in order to get in touch with the Philhellenic Committee there. Afterwards he returned to his homeland but later went back to Greece. For his support of the Greek cause, Christian Frederick made him his personal guard. Christian was also a subscriber to the Danish philhellenic newspaper &#8220;Graekervennen&#8221; (The Philhellene).<a href=\"#_ftn3\" name=\"_ftnref3\">[3]<\/a> He even offered to personally pay for the debts of\u00a0 the Danish philhellenes, after they returned to their country.<a href=\"#_ftn4\" name=\"_ftnref4\">[4]<\/a><\/p>\n<p>&nbsp;<\/p>\n<div id=\"attachment_15588\" style=\"width: 287px\" class=\"wp-caption aligncenter\"><img loading=\"lazy\" decoding=\"async\" aria-describedby=\"caption-attachment-15588\" class=\"wp-image-15588\" src=\"https:\/\/www.eefshp.org\/wp-content\/uploads\/2021\/02\/\u039c\u03bf\u03bd\u03b1\u03c1\u03c7\u03b9\u03ba\u03bf\u03af-\u03bf\u03af\u03ba\u03bf\u03b9-5.jpg\" alt=\"\" width=\"277\" height=\"397\" srcset=\"https:\/\/www.eefshp.org\/wp-content\/uploads\/2021\/02\/\u039c\u03bf\u03bd\u03b1\u03c1\u03c7\u03b9\u03ba\u03bf\u03af-\u03bf\u03af\u03ba\u03bf\u03b9-5.jpg 220w, https:\/\/www.eefshp.org\/wp-content\/uploads\/2021\/02\/\u039c\u03bf\u03bd\u03b1\u03c1\u03c7\u03b9\u03ba\u03bf\u03af-\u03bf\u03af\u03ba\u03bf\u03b9-5-210x300.jpg 210w\" sizes=\"auto, (max-width: 277px) 100vw, 277px\" \/><p id=\"caption-attachment-15588\" class=\"wp-caption-text\">Charles X (Charles Philippe), King of France (1757 \u2013 1836)<\/p><\/div>\n<p>&nbsp;<\/p>\n<p>France, then ruled by King Charles X, was a member of the Holy Alliance but also home to a great number of Philhellenes who traveled to Greece to fight against the Turks. The strong philhellenic current that followed the massacres of Chios, and particularly, the Exodus of Messolonghi, further strengthened French sympathies for the Greek cause. After the victory of the European allied forces in the Battle of Navarino, Charles X provided financial support to the Greeks and in 1828 he sent a military mission of 14000 men led by General Maison to Greece with the mission of putting an end to Ibrahim&#8217;s operations in the Peloponnese.\u00a0 Maison brought with him archaeologists and scientists who mapped the area, prepared urban plans of most of the cities, made records of the ancient monuments and shared their expertise on different issues with the local population.<a href=\"#_ftn5\" name=\"_ftnref5\">[5]<\/a><\/p>\n<p>The house of Orleans also sided with the Greeks. The Duke of Orleans, who later became King of the French, Louis-Philippe, donated significant sums of money for Philhellenic fundraisers. In a single fundraiser, the Princess of Orleans offered 3000 Francs in favor of the Greek cause.<a href=\"#_ftn6\" name=\"_ftnref6\">[6]<\/a><\/p>\n<p>&nbsp;<\/p>\n<div id=\"attachment_15590\" style=\"width: 287px\" class=\"wp-caption aligncenter\"><img loading=\"lazy\" decoding=\"async\" aria-describedby=\"caption-attachment-15590\" class=\"wp-image-15590\" src=\"https:\/\/www.eefshp.org\/wp-content\/uploads\/2021\/02\/\u039c\u03bf\u03bd\u03b1\u03c1\u03c7\u03b9\u03ba\u03bf\u03af-\u03bf\u03af\u03ba\u03bf\u03b9-6.jpg\" alt=\"\" width=\"277\" height=\"330\" \/><p id=\"caption-attachment-15590\" class=\"wp-caption-text\">Louis Philippe I, King of the French (1773 \u2013 1850)<\/p><\/div>\n<div id=\"attachment_15592\" style=\"width: 287px\" class=\"wp-caption aligncenter\"><img loading=\"lazy\" decoding=\"async\" aria-describedby=\"caption-attachment-15592\" class=\"wp-image-15592\" src=\"https:\/\/www.eefshp.org\/wp-content\/uploads\/2021\/02\/\u039c\u03bf\u03bd\u03b1\u03c1\u03c7\u03b9\u03ba\u03bf\u03af-\u03bf\u03af\u03ba\u03bf\u03b9-7.jpg\" alt=\"\" width=\"277\" height=\"339\" \/><p id=\"caption-attachment-15592\" class=\"wp-caption-text\">Louise Marie Th\u00e9r\u00e8se Charlotte Isabelle d\u2019Orl\u00e9ans (1812-1850)<\/p><\/div>\n<p>&nbsp;<\/p>\n<p>Philhellenism was also very widespread in the royal houses of the German states. For example, William I, the second king of W\u00fcrttemberg (1816-1864) was a staunch philhellene<a href=\"#_ftn7\" name=\"_ftnref7\">[7]<\/a>.<\/p>\n<p>&nbsp;<\/p>\n<div id=\"attachment_15594\" style=\"width: 287px\" class=\"wp-caption aligncenter\"><img loading=\"lazy\" decoding=\"async\" aria-describedby=\"caption-attachment-15594\" class=\"wp-image-15594\" src=\"https:\/\/www.eefshp.org\/wp-content\/uploads\/2021\/02\/\u039c\u03bf\u03bd\u03b1\u03c1\u03c7\u03b9\u03ba\u03bf\u03af-\u03bf\u03af\u03ba\u03bf\u03b9-8.jpg\" alt=\"\" width=\"277\" height=\"492\" srcset=\"https:\/\/www.eefshp.org\/wp-content\/uploads\/2021\/02\/\u039c\u03bf\u03bd\u03b1\u03c1\u03c7\u03b9\u03ba\u03bf\u03af-\u03bf\u03af\u03ba\u03bf\u03b9-8.jpg 220w, https:\/\/www.eefshp.org\/wp-content\/uploads\/2021\/02\/\u039c\u03bf\u03bd\u03b1\u03c1\u03c7\u03b9\u03ba\u03bf\u03af-\u03bf\u03af\u03ba\u03bf\u03b9-8-169x300.jpg 169w\" sizes=\"auto, (max-width: 277px) 100vw, 277px\" \/><p id=\"caption-attachment-15594\" class=\"wp-caption-text\">William I, King of W\u00fcrttemberg (1781 \u2013 1864)<\/p><\/div>\n<p>&nbsp;<\/p>\n<p>The most important Philhellene monarch, however, was King Ludwig I of Bavaria.<\/p>\n<p>&nbsp;<\/p>\n<div id=\"attachment_15596\" style=\"width: 287px\" class=\"wp-caption aligncenter\"><img loading=\"lazy\" decoding=\"async\" aria-describedby=\"caption-attachment-15596\" class=\"wp-image-15596\" src=\"https:\/\/www.eefshp.org\/wp-content\/uploads\/2021\/02\/\u039c\u03bf\u03bd\u03b1\u03c1\u03c7\u03b9\u03ba\u03bf\u03af-\u03bf\u03af\u03ba\u03bf\u03b9-9.png\" alt=\"\" width=\"277\" height=\"372\" srcset=\"https:\/\/www.eefshp.org\/wp-content\/uploads\/2021\/02\/\u039c\u03bf\u03bd\u03b1\u03c1\u03c7\u03b9\u03ba\u03bf\u03af-\u03bf\u03af\u03ba\u03bf\u03b9-9.png 520w, https:\/\/www.eefshp.org\/wp-content\/uploads\/2021\/02\/\u039c\u03bf\u03bd\u03b1\u03c1\u03c7\u03b9\u03ba\u03bf\u03af-\u03bf\u03af\u03ba\u03bf\u03b9-9-223x300.png 223w, https:\/\/www.eefshp.org\/wp-content\/uploads\/2021\/02\/\u039c\u03bf\u03bd\u03b1\u03c1\u03c7\u03b9\u03ba\u03bf\u03af-\u03bf\u03af\u03ba\u03bf\u03b9-9-450x604.png 450w\" sizes=\"auto, (max-width: 277px) 100vw, 277px\" \/><p id=\"caption-attachment-15596\" class=\"wp-caption-text\">Ludwig I, King of Bavaria (1786 \u2013 1868)<\/p><\/div>\n<p>&nbsp;<\/p>\n<p>\u03a4he European king to openly take a position in favor of Greek independence from the early stages of the struggle. Louis, father of Otto, the future king of Greece, was a Hellenist and a friend of the arts, and envisioned his capital, Munich, as the center of neoclassical philhellenic humanism. From his position of power, he facilitated the creation of the Philhellenic Association of Munich, wrote pamphlets and published fiery articles in favor of the Revolution. He also wrote 32 philhellenic poems and published collections of poetry. The proceeds of the sales of his collections went to the aid of the Greek revolutionaries.<a href=\"#_ftn8\" name=\"_ftnref8\">[8]<\/a> After the Exodus of Messolonghi he contributed 2 million francs for the purposes of the Revolution.<a href=\"#_ftn9\" name=\"_ftnref9\">[9]<\/a><\/p>\n<p>The king of Bavaria himself sent a corps of Philhellenes under the command of Karl Heideck to fight in Greece.<a href=\"#_ftn10\" name=\"_ftnref10\">[10]<\/a> . At around the same period, he also sent the famous landscape painter Carl Rottmann (1797-1850), to Athens. There Rottmann painted Greek historical landscapes made in order to adorn at Munich\u2019s Hofgarten.<a href=\"#_ftn11\" name=\"_ftnref11\">[11]<\/a> The famous philhellenic paintings by Peter von Hess (the so-called 39 scenes from the Greek Revolution) were commissioned by him.<a href=\"#_ftn12\" name=\"_ftnref12\">[12]<\/a><\/p>\n<p>In some cases, the princes&#8217; own views were at odds with the political interests of the state. While two of the princes of the Kingdom of the Netherlands were philhellenes, strategic interests in the Ottoman Empire prevented the royal family from openly supporting the Greek cause. In addition, the Dutch king did not want to strengthen separatist movements within his own kingdom, particularly in Belgium, which finally gained its independence in 1830.<a href=\"#_ftn13\" name=\"_ftnref13\">[13]<\/a> Nevertheless, the philhellenic movement developed in the Netherlands as well and contributed greatly to the struggle of the Greeks.<\/p>\n<p>The prince of Prussia was also sympathetic towards the Greek revolutionaries, even though the Prussian government was originally one of the most hostile ones towards the struggle of the Greeks. Philhellenic fundraisers and conscription in armies were prohibited in Prussia until 1826.<a href=\"#_ftn14\" name=\"_ftnref14\">[14]<\/a> At that time, Frederick Wilhelm, King of Prussia, lifted the ban on fundraisers, and apparently also offered anonymously 1,200 gold coins for the Greek struggle.<a href=\"#_ftn15\" name=\"_ftnref15\">[15]<\/a><\/p>\n<p>&nbsp;<\/p>\n<div id=\"attachment_15598\" style=\"width: 287px\" class=\"wp-caption aligncenter\"><img loading=\"lazy\" decoding=\"async\" aria-describedby=\"caption-attachment-15598\" class=\"wp-image-15598\" src=\"https:\/\/www.eefshp.org\/wp-content\/uploads\/2021\/02\/\u039c\u03bf\u03bd\u03b1\u03c1\u03c7\u03b9\u03ba\u03bf\u03af-\u03bf\u03af\u03ba\u03bf\u03b9-10.jpg\" alt=\"\" width=\"277\" height=\"374\" \/><p id=\"caption-attachment-15598\" class=\"wp-caption-text\">Frederick William III, King of Prussia (1770 \u2013 1840)<\/p><\/div>\n<p>&nbsp;<\/p>\n<p>Whereas Western European philhellenism, stemmed from love and admiration for ancient Greek culture, for Russian philhellenism the common Orthodox faith played a major role. The Russians had been interested in Greece for a long time, since the Greek issue was part of the \u2018Eastern question\u2019: as the weakening of the Ottoman Empire from18<sup>th<\/sup> century onward paved the way for the division of its territories into spheres of influence for the Western powers. In the end of the 18th century, Empress Catherine the Great had devised an ambitious plan to create an orthodox empire: after the division and distribution of the lands of the Ottoman Empire there would be a restoration of the Byzantine Empire under Russian protection and rule.<\/p>\n<p>After the Napoleonic Wars, however, the balance of power changed: the Russian government initially viewed the Greek revolution negatively, since Russia was one of the powers that wished to maintain the status quo in Europe. Thus, Tsar Alexander I kept a neutral stance. However, in July 1821 he approved a programme for collecting aid for the Greeks who had fled to Odessa and Bessarabia, to which his wife Tsarina Elizabeth had contributed. Both the Tsar and the Tsarina offered significant sums to the Philomuse Society of Vienna, which was a philological society similar in actions and ideology to that of Athens, but which operated under Russian influence. Specifically, the Tsar offered 200 Dutch ducats and the Tsarina 100, while most of the Danubian rulers contributed with donations as well.<a href=\"#_ftn16\" name=\"_ftnref16\">[16]<\/a><\/p>\n<p>As we have seen, many kings and princes of Europe were supporters and exponents of the philhellenism since the start of the Greek Revolution. In the beginning, their philhellenic feelings were not enough in most cases, to influence the political stance of their countries towards the Greeks. However, their contribution was significant, especially because they encouraged the development of philhellenic committees.<\/p>\n<p>Ludwig of Bavaria was the first king to offer his full moral, economic, humanitarian, diplomatic and military support to the Greek revolution. The works of art he commissioned spread the romantic iconography of the revolution throughout Europe and inspired and captivated many.<\/p>\n<p>In 1826, conditions started changing in favour of Greece. Great Britain and Russia signed the Protocol of St. Petersburg (aimed at providing support for Greece). A year later the two powers were joined by France and signed the Treaty of London which paved the way for the naval battle of Navarino and eventually for the liberation of Greece. But even after the battle of Navarino, the French king\u2019s philhellenic feelings, led to the offer of substantial military support, which helped in finally removingthe Turks from the Peloponnese.<\/p>\n<p>One after the other, almost all of Europe\u2019s royal houses identified with the philhellenic movement and became exponents of ideas that transcended political expediencies of the time. And that is mostly why it is worth remembering and honouring them.<\/p>\n<p>&nbsp;<\/p>\n<p><strong>References<\/strong><\/p>\n<p><a href=\"#_ftnref1\" name=\"_ftn1\">[1]<\/a> \u0391. \u039c\u03b7\u03bb\u03b9\u03b1\u03c1\u03ac\u03ba\u03b7\u03c2, \u00ab\u0397 \u03a6\u03b9\u03bb\u03cc\u03bc\u03bf\u03c5\u03c3\u03bf\u03c2 \u03b5\u03c4\u03b1\u03b9\u03c1\u03b5\u03af\u03b1 \u03b5\u03bd \u0391\u03b8\u03ae\u03bd\u03b1\u03b9\u03c2 \u03ba\u03b1\u03b9 \u03b7 \u03c0\u03c1\u03b9\u03b3\u03b3\u03b9\u03c0\u03ad\u03c3\u03c3\u03b1 \u03c4\u03b7\u03c2 \u039f\u03c5\u03b1\u03bb\u03bb\u03af\u03b1\u03c2 (1816)\u00bb, <em>\u0395\u03c3\u03c4\u03af\u03b1<\/em><br \/>\n683 (29.1.1889).<br \/>\n<a href=\"#_ftnref2\" name=\"_ftn2\">[2]<\/a> William St Clair, <em>That Greece may still be free<\/em>, p. 271.<br \/>\n<a href=\"#_ftnref3\" name=\"_ftn3\">[3]<\/a> \u0392\u03bb. \u0391\u03c1\u03b9\u03c3\u03c4\u03ad\u03b1 \u03a0\u03b1\u03c0\u03b1\u03bd\u03b9\u03ba\u03bf\u03bb\u03ac\u03bf\u03c5-\u039a\u03c1\u03af\u03c3\u03c4\u03b5\u03bd\u03c3\u03b5\u03bd, <em>\u03a4\u03bf \u03a6\u03b9\u03bb\u03b5\u03bb\u03bb\u03b7\u03bd\u03b9\u03ba\u03cc \u03ba\u03af\u03bd\u03b7\u03bc\u03b1 \u03c3\u03c4\u03b7\u03bd \u0394\u03b1\u03bd\u03af\u03b1.<\/em><br \/>\n<a href=\"#_ftnref4\" name=\"_ftn4\">[4]<\/a> St Clair, <em>Greece, <\/em>p. 112.<br \/>\n<a href=\"#_ftnref5\" name=\"_ftn5\">[5]<\/a> \u039e\u03b5\u0301\u03bd\u03b7 \u039c\u03c0\u03b1\u03bb\u03c9\u03c4\u03b7\u0301, <em>\u039c\u03b1\u03b9\u03b6\u03c9\u0301\u03bd, \u03b5\u0301\u03bd\u03b1\u03c2 \u03bc\u03b5\u03b3\u03b1\u0301\u03bb\u03bf\u03c2 \u03c6\u03b9\u03bb\u03b5\u0301\u03bb\u03bb\u03b7\u03bd\u03b1\u03c2. \u0397 \u03b5\u03ba\u03c3\u03c4\u03c1\u03b1\u03c4\u03b5\u03b9\u0301\u03b1 \u03c4\u03bf\u03c5 \u03c3\u03c4\u03b7\u03bd \u03a0\u03b5\u03bb\u03bf\u03c0\u03bf\u0301\u03bd\u03bd\u03b7\u03c3\u03bf<\/em> (\u0391\u03b8\u03b7\u0301\u03bd\u03b1 1993). \u039d\u03af\u03ba\u03bf\u03c2 \u03a4\u03b6\u03b1\u03bd\u03ac\u03ba\u03bf\u03c2, <em>\u0397 \u0393\u03b1\u03bb\u03bb\u03b9\u03ba\u03ae \u0395\u03ba\u03c3\u03c4\u03c1\u03b1\u03c4\u03b5\u03af\u03b1 \u03c3\u03c4\u03bf\u03bd \u039c\u03bf\u03c1\u03b9\u03ac \u03ba\u03b1\u03b9 \u03bf \u03a3\u03c4\u03c1\u03b1\u03c4\u03ac\u03c1\u03c7\u03b7\u03c2 \u039c\u03b1\u03b9\u03b6\u03ce\u03bd<\/em> (\u03a0\u03ac\u03c4\u03c1\u03b1, 2017).<br \/>\n<a href=\"#_ftnref6\" name=\"_ftn6\">[6]<\/a> \u03a3\u03c4\u03ad\u03c6\u03b1\u03bd\u03bf\u03c2 \u03a0\u03b1\u03c0\u03b1\u03b4\u03cc\u03c0\u03bf\u03c5\u03bb\u03bf\u03c2, \u00ab\u03a4\u03bf \u039c\u03b5\u03c3\u03bf\u03bb\u03cc\u03b3\u03b3\u03b9 \u03ba\u03b1\u03b9 \u03bf \u03a6\u03b9\u03bb\u03b5\u03bb\u03bb\u03b7\u03bd\u03b9\u03c3\u03bc\u03cc\u03c2, \u03bf\u03bc\u03b9\u03bb\u03af\u03b1 \u03c3\u03c4\u03bf \u03c0\u03b1\u03bd\u03b5\u03c0\u03b9\u03c3\u03c4\u03ae\u03bc\u03b9\u03bf \u0399\u03c9\u03b1\u03bd\u03bd\u03af\u03bd\u03c9\u03bd \u03b3\u03b9\u03b1 \u03c4\u03bf\u03bd \u03b5\u03bf\u03c1\u03c4\u03b1\u03c3\u03bc\u03cc \u03c4\u03b7\u03c2 150\u03b5\u03c4\u03b7\u03c1\u03af\u03b4\u03bf\u03c2 \u03c4\u03b7\u03c2 \u0395\u03b8\u03bd\u03b9\u03ba\u03ae\u03c2 \u03a0\u03b1\u03bb\u03b9\u03b3\u03b3\u03b5\u03bd\u03b5\u03c3\u03af\u03b1\u03c2 (27.11.1971)\u00bb, \u0399\u03c9\u03ac\u03bd\u03bd\u03b9\u03bd\u03b1 1971.<br \/>\n<a href=\"#_ftnref7\" name=\"_ftn7\">[7]<\/a> \u03a0\u03b1\u03cd\u03bb\u03bf\u03c2 \u039a\u03b1\u03c1\u03bf\u03bb\u03af\u03b4\u03b7\u03c2, <em>\u039f \u03b3\u03b5\u03c1\u03bc\u03b1\u03bd\u03b9\u03ba\u03cc\u03c2 \u03c6\u03b9\u03bb\u03b5\u03bb\u03bb\u03b7\u03bd\u03b9\u03c3\u03bc\u03cc\u03c2<\/em> (\u0391\u03b8\u03ae\u03bd\u03b1, 1917).<br \/>\n<a href=\"#_ftnref8\" name=\"_ftn8\">[8]<\/a> \u039b\u03bf\u03c5\u03b4\u03bf\u03b2\u03af\u03ba\u03bf\u03c2 \u0391\u2019 (\u03b2\u03b1\u03c3\u03b9\u03bb\u03b9\u03ac\u03c2 \u03c4\u03b7\u03c2 \u0392\u03b1\u03c5\u03b1\u03c1\u03af\u03b1\u03c2), <em>\u03a0\u03bf\u03b9\u03ae\u03bc\u03b1\u03c4\u03b1 \u03c0\u03b5\u03c1\u03af \u0395\u03bb\u03bb\u03ac\u03b4\u03bf\u03c2<\/em>, \u03bc\u03c4\u03c6\u03c1. \u03a3\u03bf\u03c6\u03bf\u03ba\u03bb\u03ae\u03c2 \u039a\u03b1\u03c1\u03cd\u03b4\u03b7\u03c2, (\u0391\u03b8\u03ae\u03bd\u03b1, 1868).<br \/>\n<a href=\"#_ftnref9\" name=\"_ftn9\">[9]<\/a> \u03a3\u03b5\u03b2\u03b1\u03c3\u03c4\u03ae \u039a\u03b5\u03c6\u03b1\u03bb\u03af\u03b4\u03bf\u03c5, \u00ab\u03a0\u03ce\u03c2 \u03b2\u03bb\u03ad\u03c0\u03bf\u03c5\u03bd \u03bf\u03b9 \u0395\u03c5\u03c1\u03c9\u03c0\u03b1\u03af\u03bf\u03b9 \u03a6\u03b9\u03bb\u03ad\u03bb\u03bb\u03b7\u03bd\u03b5\u03c2 \u03a0\u03b5\u03c1\u03b9\u03b7\u03b3\u03b7\u03c4\u03ad\u03c2 \u03ba\u03b1\u03b9 \u03c4\u03b5\u03c7\u03bd\u03bf\u03ba\u03c1\u03ac\u03c4\u03b5\u03c2 \u03c4\u03bf\u03c5\u03c2 \u03c5\u03c0\u03cc\u03b4\u03bf\u03c5\u03bb\u03bf\u03c5\u03c2 \u0388\u03bb\u03bb\u03b7\u03bd\u03b5\u03c2 \u03ba\u03b1\u03b9 \u03c4\u03b7\u03bd \u03b5\u03bb\u03bb\u03b7\u03bd\u03b9\u03ba\u03ae \u03c0\u03c1\u03b1\u03b3\u03bc\u03b1\u03c4\u03b9\u03ba\u03cc\u03c4\u03b7\u03c4\u03b1 (\u03ba\u03bf\u03b9\u03bd\u03c9\u03bd\u03af\u03b1-\u03c0\u03bf\u03bb\u03b9\u03c4\u03b9\u03ba\u03ae- \u03c0\u03b1\u03b9\u03b4\u03b5\u03af\u03b1)\u00bb, \u039c\u03b5\u03c4\u03b1\u03c0\u03c4\u03c5\u03c7\u03b9\u03b1\u03ba\u03ae \u03b5\u03c1\u03b3\u03b1\u03c3\u03af\u03b1. \u0391\u03c1\u03b9\u03c3\u03c4\u03bf\u03c4\u03ad\u03bb\u03b5\u03b9\u03bf \u03a0\u03b1\u03bd\u03b5\u03c0\u03b9\u03c3\u03c4\u03ae\u03bc\u03b9\u03bf \u0398\u03b5\u03c3\u03c3\u03b1\u03bb\u03bf\u03bd\u03af\u03ba\u03b7\u03c2 (2005), \u03c3\u03b5\u03bb. 36, 82-3. \u03a3\u03c4\u03ad\u03c6\u03b1\u03bd\u03bf\u03c2 \u03a0\u03b1\u03c0\u03b1\u03b4\u03cc\u03c0\u03bf\u03c5\u03bb\u03bf\u03c2, \u00ab\u03a4\u03bf \u039c\u03b5\u03c3\u03bf\u03bb\u03cc\u03b3\u03b3\u03b9 \u03ba\u03b1\u03b9 \u03bf \u03a6\u03b9\u03bb\u03b5\u03bb\u03bb\u03b7\u03bd\u03b9\u03c3\u03bc\u03cc\u03c2\u00bb, \u03c3. 15, 32-4.<br \/>\n<a href=\"#_ftnref10\" name=\"_ftn10\">[10]<\/a> Gahlen, Gundula: The Deployment of Bavarian Officers to Greece in the 19th Century, (2015),\u00a0URL:\u00a0<a href=\"http:\/\/www.mwme.eu\/essays\/index.html\">http:\/\/www.mwme.eu\/essays\/index.html<\/a><u>. <\/u>Reinhard Heydenreuter, Die ertr\u00e4umte Nation. Griechenlands Staatswerdung zwischen Philhellenismus und Milit\u00e4rintervention, in: Reinhard Heydenreuter (ed.), Die ertr\u00e4umte Nation. Griechenlands Wiedergeburt im 19. Jahrhundert. Begleitband zur Ausstellung (M\u00fcnchen 1993), pp. 47-78.<br \/>\n<a href=\"#_ftnref11\" name=\"_ftn11\">[11]<\/a> Markella-Elpida Tsichla, \u00abThe Semiotics of the Imagery of the Greek War of Independence. From Delacroix to the Frieze in Otto\u2019s Palace, The Current Hellenic Parliament\u00bb, cf. Kalligas, \u039c. (1977) <em>Images of Greek space after the Liberation. Watercolors and drawings by C. Rottmann and L. Lange<\/em>. (Athens, 1977).<br \/>\n<a href=\"#_ftnref12\" name=\"_ftn12\">[12]<\/a> \u039c\u03b9\u03bb\u03c4\u03b9\u03ac\u03b4\u03b7\u03c2 \u03a0\u03b1\u03c0\u03b1\u03bd\u03b9\u03ba\u03bf\u03bb\u03ac\u03bf\u03c5, \u00ab\u0395\u03b9\u03ba\u03cc\u03bd\u03b5\u03c2 \u03b1\u03c0\u03cc \u03c4\u03b7\u03bd \u0395\u03bb\u03bb\u03b7\u03bd\u03b9\u03ba\u03ae \u0395\u03c0\u03b1\u03bd\u03ac\u03c3\u03c4\u03b1\u03c3\u03b7: \u03c4\u03b1 39 \u03c0\u03c1\u03c9\u03c4\u03cc\u03c4\u03c5\u03c0\u03b1 \u03c3\u03c7\u03ad\u03b4\u03b9\u03b1 \u03c4\u03bf\u03c5 Peter Von Hess\u00bb,\u00a0 \u0395\u0395\u03a3\u0391\u03a0\u0398, \u0399\u0396\u2019 (1978), \u03c3\u03b5\u03bb.\u00a0 335-344.<br \/>\n<a href=\"#_ftnref13\" name=\"_ftn13\">[13]<\/a> \u0392. J. Slot, \u00ab\u03a3\u03c7\u03ad\u03c3\u03b5\u03b9\u03c2 \u03bc\u03b5\u03c4\u03b1\u03be\u03cd \u039f\u03bb\u03bb\u03b1\u03bd\u03b4\u03af\u03b1\u03c2 \u03ba\u03b1\u03b9 \u0395\u03bb\u03bb\u03ac\u03b4\u03bf\u03c2 \u03b1\u03c0\u03cc \u03c4\u03bf\u03bd \u0399\u0396\u2019 \u03b1\u03b9\u03ce\u03bd\u03b1 \u03bc\u03ad\u03c7\u03c1\u03b9 \u03c4\u03bf\u03bd \u039a\u03b1\u03c0\u03bf\u03b4\u03af\u03c3\u03c4\u03c1\u03b9\u03b1, \u00ab\u03a0\u03b1\u03c1\u03bd\u03b1\u03c3\u03c3\u03cc\u03c2, \u03c4. 19.2 (1977), \u03c3\u03b5\u03bb. 281-282.<br \/>\n<a href=\"#_ftnref14\" name=\"_ftn14\">[14]<\/a> St Clair, <em>Greece<\/em>, \u03c3. 64.<br \/>\n<a href=\"#_ftnref15\" name=\"_ftn15\">[15]<\/a> \u03a0\u03b1\u03c0\u03b1\u03b4\u03cc\u03c0\u03bf\u03c5\u03bb\u03bf\u03c2, \u00ab\u03a4\u03bf \u039c\u03b5\u03c3\u03bf\u03bb\u03cc\u03b3\u03b3\u03b9 \u03ba\u03b1\u03b9 \u03bf \u03a6\u03b9\u03bb\u03b5\u03bb\u03bb\u03b7\u03bd\u03b9\u03c3\u03bc\u03cc\u03c2\u00bb, \u03c3. 17<br \/>\n<a href=\"#_ftnref16\" name=\"_ftn16\">[16]<\/a> Theophilus C. Prousis, \u00abRussian Philorthodox Relief During The Greek War Of Independence\u00bb, University of North Florida,\u00a0<em>History Faculty Publications<\/em>, (1985) <a href=\"http:\/\/digitalcommons.unf.edu\/ahis_facpub\/17\">http:\/\/digitalcommons.unf.edu\/ahis_facpub\/17<\/a>, \u03c3\u03b5\u03bb. 41-42.<\/p>\n<p>&nbsp;<\/p>\n<p><strong>Bibliography &#8211; Sources<\/strong><\/p>\n<ul>\n<li>\u039b\u03bf\u03c5\u03b4\u03bf\u03b2\u03af\u03ba\u03bf\u03c2 \u0391\u2019 (\u03b2\u03b1\u03c3\u03b9\u03bb\u03b9\u03ac\u03c2 \u03c4\u03b7\u03c2 \u0392\u03b1\u03c5\u03b1\u03c1\u03af\u03b1\u03c2), \u2018\u2019\u03a0\u03bf\u03b9\u03ae\u03bc\u03b1\u03c4\u03b1 \u03c0\u03b5\u03c1\u03af \u0395\u03bb\u03bb\u03ac\u03b4\u03bf\u03c2\u2019\u2019, \u03bc\u03c4\u03c6\u03c1. \u03a3\u03bf\u03c6\u03bf\u03ba\u03bb\u03ae\u03c2 \u039a\u03b1\u03c1\u03cd\u03b4\u03b7\u03c2 (\u0391\u03b8\u03ae\u03bd\u03b1, 1868).<\/li>\n<li>Gahlen, Gundula. The Deployment of Bavarian Officers to Greece in the 19th Century, (2015),\u00a0URL:\u00a0<a href=\"http:\/\/www.mwme.eu\/essays\/index.html\">http:\/\/www.mwme.eu\/essays\/index.html<\/a><u>. <\/u><\/li>\n<li>Heydenreuter, Reinhard. \u00abDie ertr\u00e4umte Nation. Griechenlands Staatswerdung zwischen Philhellenismus und Milit\u00e4rintervention\u00bb in Reinhard Heydenreuter (ed.), <em>Die ertr\u00e4umte Nation. Griechenlands Wiedergeburt im 19. Jahrhundert. Begleitband zur Ausstellun<\/em>g, (M\u00fcnchen, 1993), \u03c3\u03b5\u03bb. 47-78.<\/li>\n<li>Kalligas, \u039c. Images of Greek space after the Liberation. Watercolors and drawings by C. Rottmann and L. Lange (Athens, 1977).<\/li>\n<li>Prousis Theophilus C., \u00abRussian Philorthodox Relief During The Greek War Of Independence\u00bb, University of North Florida,\u00a0<em>History Faculty Publications<\/em>, \u03c3\u03b5\u03bb. 31-62. (1985) <a href=\"http:\/\/digitalcommons.unf.edu\/ahis_facpub\/17\">http:\/\/digitalcommons.unf.edu\/ahis_facpub\/17<\/a>.<\/li>\n<li>Slot \u0392. J., \u00ab\u03a3\u03c7\u03ad\u03c3\u03b5\u03b9\u03c2 \u03bc\u03b5\u03c4\u03b1\u03be\u03cd \u039f\u03bb\u03bb\u03b1\u03bd\u03b4\u03af\u03b1\u03c2 \u03ba\u03b1\u03b9 \u0395\u03bb\u03bb\u03ac\u03b4\u03bf\u03c2 \u03b1\u03c0\u03cc \u03c4\u03bf\u03bd \u0399\u0396\u2019 \u03b1\u03b9\u03ce\u03bd\u03b1 \u03bc\u03ad\u03c7\u03c1\u03b9 \u03c4\u03bf\u03bd \u039a\u03b1\u03c0\u03bf\u03b4\u03af\u03c3\u03c4\u03c1\u03b9\u03b1\u00bb, <em>\u03a0\u03b1\u03c1\u03bd\u03b1\u03c3\u03c3\u03cc\u03c2<\/em>, \u03c4. 19.2 (1977), \u03c3\u03b5\u03bb. 263-284.<\/li>\n<li>St Clair, William. <em>That Greece Might Still Be Free: The Philhellenes in the War of Independence<\/em> (Cambridge, 2008).<\/li>\n<li>Tsichla, Markella-Elpida. \u00abThe Semiotics of the Imagery of the Greek War of Independence. From Delacroix to the Frieze in Otto\u2019s Palace, The Current Hellenic Parliament\u00bb. <em>American Research Journal of Humanities &amp; Social Science<\/em> 3.1, \u03c3\u03b5\u03bb. 36-41 (2020).<\/li>\n<li>\u039a\u03b1\u03c1\u03bf\u03bb\u03af\u03b4\u03b7\u03c2, \u03a0\u03b1\u03cd\u03bb\u03bf\u03c2 <em>\u039f<\/em> <em>\u03b3\u03b5\u03c1\u03bc\u03b1\u03bd\u03b9\u03ba\u03cc\u03c2<\/em> <em>\u03c6\u03b9\u03bb\u03b5\u03bb\u03bb\u03b7\u03bd\u03b9\u03c3\u03bc\u03cc\u03c2<\/em> (\u0391\u03b8\u03ae\u03bd\u03b1, 1917).<\/li>\n<li>\u0395\u03c4\u03b1\u03b9\u03c1\u03b5\u03af\u03b1 \u03b3\u03b9\u03b1 \u03c4\u03bf\u03bd \u0395\u03bb\u03bb\u03b7\u03bd\u03b9\u03c3\u03bc\u03cc \u03ba\u03b1\u03b9 \u03a6\u03b9\u03bb\u03b5\u03bb\u03bb\u03b7\u03bd\u03b9\u03c3\u03bc\u03cc, \u00ab\u0395\u03bb\u03bb\u03b7\u03bd\u03af\u03b4\u03b5\u03c2 \u03ba\u03b1\u03b9 \u03c6\u03b9\u03bb\u03b5\u03bb\u03bb\u03b7\u03bd\u03af\u03b4\u03b5\u03c2: \u03b7 \u03c3\u03c5\u03bc\u03b2\u03bf\u03bb\u03ae \u03c4\u03bf\u03c5\u03c2 \u03c3\u03c4\u03b7\u03bd \u0395\u03bb\u03bb\u03b7\u03bd\u03b9\u03ba\u03ae \u0391\u03bd\u03b5\u03be\u03b1\u03c1\u03c4\u03b7\u03c3\u03af\u03b1\u00bb, <a href=\"https:\/\/www.eefshp.org\/ellinides-kai-filellinides-i-symvoli-toys-stin-elliniki-anexartisia\/\">https:\/\/www.eefshp.org\/ellinides-kai-filellinides-i-symvoli-toys-stin-elliniki-anexartisia\/<\/a><\/li>\n<li>\u039a\u03b5\u03c6\u03b1\u03bb\u03af\u03b4\u03bf\u03c5, \u03a3\u03b5\u03b2\u03b1\u03c3\u03c4\u03ae. \u00ab\u03a0\u03ce\u03c2 \u03b2\u03bb\u03ad\u03c0\u03bf\u03c5\u03bd \u03bf\u03b9 \u0395\u03c5\u03c1\u03c9\u03c0\u03b1\u03af\u03bf\u03b9 \u03a6\u03b9\u03bb\u03ad\u03bb\u03bb\u03b7\u03bd\u03b5\u03c2 \u03a0\u03b5\u03c1\u03b9\u03b7\u03b3\u03b7\u03c4\u03ad\u03c2 \u03ba\u03b1\u03b9 \u03c4\u03b5\u03c7\u03bd\u03bf\u03ba\u03c1\u03ac\u03c4\u03b5\u03c2 \u03c4\u03bf\u03c5\u03c2 \u03c5\u03c0\u03cc\u03b4\u03bf\u03c5\u03bb\u03bf\u03c5\u03c2 \u0388\u03bb\u03bb\u03b7\u03bd\u03b5\u03c2 \u03ba\u03b1\u03b9 \u03c4\u03b7\u03bd \u03b5\u03bb\u03bb\u03b7\u03bd\u03b9\u03ba\u03ae \u03c0\u03c1\u03b1\u03b3\u03bc\u03b1\u03c4\u03b9\u03ba\u03cc\u03c4\u03b7\u03c4\u03b1 (\u03ba\u03bf\u03b9\u03bd\u03c9\u03bd\u03af\u03b1-\u03c0\u03bf\u03bb\u03b9\u03c4\u03b9\u03ba\u03ae- \u03c0\u03b1\u03b9\u03b4\u03b5\u03af\u03b1)\u00bb \u039c\u03b5\u03c4\u03b1\u03c0\u03c4\u03c5\u03c7\u03b9\u03b1\u03ba\u03ae \u03b5\u03c1\u03b3\u03b1\u03c3\u03af\u03b1. \u0391\u03c1\u03b9\u03c3\u03c4\u03bf\u03c4\u03ad\u03bb\u03b5\u03b9\u03bf \u03a0\u03b1\u03bd\u03b5\u03c0\u03b9\u03c3\u03c4\u03ae\u03bc\u03b9\u03bf \u0398\u03b5\u03c3\u03c3\u03b1\u03bb\u03bf\u03bd\u03af\u03ba\u03b7\u03c2, 2005.<\/li>\n<li>\u039c\u03b7\u03bb\u03b9\u03b1\u03c1\u03ac\u03ba\u03b7\u03c2, \u0391. \u00ab\u0397 \u03a6\u03b9\u03bb\u03cc\u03bc\u03bf\u03c5\u03c3\u03bf\u03c2 \u0395\u03c4\u03b1\u03b9\u03c1\u03b5\u03af\u03b1 \u03b5\u03bd \u0391\u03b8\u03ae\u03bd\u03b1\u03b9\u03c2 \u03ba\u03b1\u03b9 \u03b7 \u03c0\u03c1\u03b9\u03b3\u03b3\u03b9\u03c0\u03ad\u03c3\u03c3\u03b1 \u03c4\u03b7\u03c2 \u039f\u03c5\u03b1\u03bb\u03bb\u03af\u03b1\u03c2 (1816)\u00bb, <em>\u0395\u03c3\u03c4\u03af\u03b1<\/em> 683 (29.1.1889).<\/li>\n<li>\u039c\u03c0\u03b1\u03bb\u03c9\u03c4\u03b7\u0301, \u039e\u03b5\u0301\u03bd\u03b7. <em>\u039c\u03b1\u03b9\u03b6\u03c9\u0301\u03bd, \u03b5\u0301\u03bd\u03b1\u03c2 \u03bc\u03b5\u03b3\u03b1\u0301\u03bb\u03bf\u03c2 \u03c6\u03b9\u03bb\u03b5\u0301\u03bb\u03bb\u03b7\u03bd\u03b1\u03c2. \u0397 \u03b5\u03ba\u03c3\u03c4\u03c1\u03b1\u03c4\u03b5\u03b9\u0301\u03b1 \u03c4\u03bf\u03c5 \u03c3\u03c4\u03b7\u03bd \u03a0\u03b5\u03bb\u03bf\u03c0\u03bf\u0301\u03bd\u03bd\u03b7\u03c3\u03bf<\/em> (\u0391\u03b8\u03b7\u0301\u03bd\u03b1 1993).<\/li>\n<li>\u03a0\u03b1\u03c0\u03b1\u03b4\u03cc\u03c0\u03bf\u03c5\u03bb\u03bf\u03c2, \u03a3\u03c4\u03ad\u03c6\u03b1\u03bd\u03bf\u03c2 \u0399. <em>\u03a4\u03bf \u039c\u03b5\u03c3\u03bf\u03bb\u03cc\u03b3\u03b3\u03b9 \u03ba\u03b1\u03b9 \u03bf \u03a6\u03b9\u03bb\u03b5\u03bb\u03bb\u03b7\u03bd\u03b9\u03c3\u03bc\u03cc\u03c2, \u039f\u03bc\u03b9\u03bb\u03af\u03b1 \u03c3\u03c4\u03bf \u03c0\u03b1\u03bd\u03b5\u03c0\u03b9\u03c3\u03c4\u03ae\u03bc\u03b9\u03bf \u0399\u03c9\u03b1\u03bd\u03bd\u03af\u03bd\u03c9\u03bd \u03b3\u03b9\u03b1 \u03c4\u03bf\u03bd \u03b5\u03bf\u03c1\u03c4\u03b1\u03c3\u03bc\u03cc \u03c4\u03b7\u03c2 150\u03b5\u03c4\u03b7\u03c1\u03af\u03b4\u03bf\u03c2 \u03c4\u03b7\u03c2 \u0395\u03b8\u03bd\u03b9\u03ba\u03ae\u03c2 \u03a0\u03b1\u03bb\u03b9\u03b3\u03b3\u03b5\u03bd\u03b5\u03c3\u03af\u03b1\u03c2 (27.11.1971)<\/em>, (\u0399\u03c9\u03ac\u03bd\u03bd\u03b9\u03bd\u03b1, 1971).<\/li>\n<li>\u03a0\u03b1\u03c0\u03b1\u03bd\u03b9\u03ba\u03bf\u03bb\u03ac\u03bf\u03c5-\u039a\u03c1\u03af\u03c3\u03c4\u03b5\u03bd\u03c3\u03b5\u03bd. \u0391\u03c1\u03b9\u03c3\u03c4\u03ad\u03b1. <em>\u03a4\u03bf \u03a6\u03b9\u03bb\u03b5\u03bb\u03bb\u03b7\u03bd\u03b9\u03ba\u03cc \u03ba\u03af\u03bd\u03b7\u03bc\u03b1 \u03c3\u03c4\u03b7\u03bd \u0394\u03b1\u03bd\u03af\u03b1 <\/em>(\u0391\u03b8\u03ae\u03bd\u03b1, 2010).<\/li>\n<li>\u03a0\u03b1\u03c0\u03b1\u03bd\u03b9\u03ba\u03bf\u03bb\u03ac\u03bf\u03c5, \u039c\u03b9\u03bb\u03c4\u03b9\u03ac\u03b4\u03b7\u03c2. \u00ab\u0395\u03b9\u03ba\u03cc\u03bd\u03b5\u03c2 \u03b1\u03c0\u03cc \u03c4\u03b7\u03bd \u0395\u03bb\u03bb\u03b7\u03bd\u03b9\u03ba\u03ae \u0395\u03c0\u03b1\u03bd\u03ac\u03c3\u03c4\u03b1\u03c3\u03b7: \u03c4\u03b1 39 \u03c0\u03c1\u03c9\u03c4\u03cc\u03c4\u03c5\u03c0\u03b1 \u03c3\u03c7\u03ad\u03b4\u03b9\u03b1 \u03c4\u03bf\u03c5 Peter Von Hess\u00bb,\u00a0 <em>\u0395\u0395\u03a3\u0391\u03a0\u0398<\/em>, \u0399\u0396\u2019 (1978), \u03c3\u03b5\u03bb.\u00a0 335-344.<\/li>\n<li>\u03a4\u03b6\u03b1\u03bd\u03ac\u03ba\u03bf\u03c2, \u039d\u03af\u03ba\u03bf\u03c2. <em>\u0397 \u0393\u03b1\u03bb\u03bb\u03b9\u03ba\u03ae \u0395\u03ba\u03c3\u03c4\u03c1\u03b1\u03c4\u03b5\u03af\u03b1 \u03c3\u03c4\u03bf\u03bd \u039c\u03bf\u03c1\u03b9\u03ac \u03ba\u03b1\u03b9 \u03bf \u03a3\u03c4\u03c1\u03b1\u03c4\u03ac\u03c1\u03c7\u03b7\u03c2 \u039c\u03b1\u03b9\u03b6\u03ce\u03bd<\/em> (\u03a0\u03ac\u03c4\u03c1\u03b1, 2017).<\/li>\n<\/ul>\n","protected":false},"excerpt":{"rendered":"<p>&nbsp; &nbsp; Dr. Eleni Leontidou and SHP\u2019s Scientific Committee &nbsp; The international circumstances at the time of the outbreak of the Greek revolution were less than favorable for the Greeks: after the end of the Napoleonic Wars, the leaders of the European powers met in Vienna, where they agreed on adopting a common policy for [&hellip;]<\/p>\n","protected":false},"author":10,"featured_media":15580,"comment_status":"closed","ping_status":"closed","sticky":false,"template":"","format":"standard","meta":{"inline_featured_image":false,"_exactmetrics_skip_tracking":false,"_exactmetrics_sitenote_active":false,"_exactmetrics_sitenote_note":"","_exactmetrics_sitenote_category":0,"footnotes":""},"categories":[96],"tags":[],"class_list":["post-15603","post","type-post","status-publish","format-standard","has-post-thumbnail","hentry","category-theseis"],"yoast_head":"<!-- This site is optimized with the Yoast SEO plugin v27.5 - https:\/\/yoast.com\/product\/yoast-seo-wordpress\/ -->\n<title>Royal houses and Philhellenism during the 19th century - \u0395\u03c4\u03b1\u03b9\u03c1\u03b5\u03af\u03b1 \u03b3\u03b9\u03b1 \u03c4\u03bf\u03bd \u0395\u03bb\u03bb\u03b7\u03bd\u03b9\u03c3\u03bc\u03cc \u03ba\u03b1\u03b9 \u03c4\u03bf\u03bd \u03a6\u03b9\u03bb\u03b5\u03bb\u03bb\u03b7\u03bd\u03b9\u03c3\u03bc\u03cc<\/title>\n<meta name=\"robots\" content=\"index, follow, max-snippet:-1, max-image-preview:large, max-video-preview:-1\" \/>\n<link rel=\"canonical\" href=\"https:\/\/www.eefshp.org\/en\/royal-houses-and-philhellenism-during-the-19th-century\/\" \/>\n<meta property=\"og:locale\" content=\"en_US\" \/>\n<meta property=\"og:type\" content=\"article\" \/>\n<meta property=\"og:title\" content=\"Royal houses and Philhellenism during the 19th century - \u0395\u03c4\u03b1\u03b9\u03c1\u03b5\u03af\u03b1 \u03b3\u03b9\u03b1 \u03c4\u03bf\u03bd \u0395\u03bb\u03bb\u03b7\u03bd\u03b9\u03c3\u03bc\u03cc \u03ba\u03b1\u03b9 \u03c4\u03bf\u03bd \u03a6\u03b9\u03bb\u03b5\u03bb\u03bb\u03b7\u03bd\u03b9\u03c3\u03bc\u03cc\" \/>\n<meta property=\"og:description\" content=\"&nbsp; &nbsp; Dr. Eleni Leontidou and SHP\u2019s Scientific Committee &nbsp; The international circumstances at the time of the outbreak of the Greek revolution were less than favorable for the Greeks: after the end of the Napoleonic Wars, the leaders of the European powers met in Vienna, where they agreed on adopting a common policy for [&hellip;]\" \/>\n<meta property=\"og:url\" content=\"https:\/\/www.eefshp.org\/en\/royal-houses-and-philhellenism-during-the-19th-century\/\" \/>\n<meta property=\"og:site_name\" content=\"\u0395\u03c4\u03b1\u03b9\u03c1\u03b5\u03af\u03b1 \u03b3\u03b9\u03b1 \u03c4\u03bf\u03bd \u0395\u03bb\u03bb\u03b7\u03bd\u03b9\u03c3\u03bc\u03cc \u03ba\u03b1\u03b9 \u03c4\u03bf\u03bd \u03a6\u03b9\u03bb\u03b5\u03bb\u03bb\u03b7\u03bd\u03b9\u03c3\u03bc\u03cc\" \/>\n<meta property=\"article:published_time\" content=\"2021-02-22T17:01:28+00:00\" \/>\n<meta property=\"og:image\" content=\"https:\/\/www.eefshp.org\/wp-content\/uploads\/2021\/02\/\u039c\u03bf\u03bd\u03b1\u03c1\u03c7\u03b9\u03ba\u03bf\u03af-\u03bf\u03af\u03ba\u03bf\u03b9-1.png\" \/>\n\t<meta property=\"og:image:width\" content=\"672\" \/>\n\t<meta property=\"og:image:height\" content=\"875\" \/>\n\t<meta property=\"og:image:type\" content=\"image\/png\" \/>\n<meta name=\"author\" content=\"Admin\" \/>\n<meta name=\"twitter:card\" content=\"summary_large_image\" \/>\n<meta name=\"twitter:label1\" content=\"Written by\" \/>\n\t<meta name=\"twitter:data1\" content=\"Admin\" \/>\n\t<meta name=\"twitter:label2\" content=\"Est. reading time\" \/>\n\t<meta name=\"twitter:data2\" content=\"10 minutes\" \/>\n<script type=\"application\/ld+json\" class=\"yoast-schema-graph\">{\"@context\":\"https:\\\/\\\/schema.org\",\"@graph\":[{\"@type\":\"Article\",\"@id\":\"https:\\\/\\\/www.eefshp.org\\\/en\\\/royal-houses-and-philhellenism-during-the-19th-century\\\/#article\",\"isPartOf\":{\"@id\":\"https:\\\/\\\/www.eefshp.org\\\/en\\\/royal-houses-and-philhellenism-during-the-19th-century\\\/\"},\"author\":{\"name\":\"Admin\",\"@id\":\"https:\\\/\\\/www.eefshp.org\\\/#\\\/schema\\\/person\\\/326167d6a4192597b9caceb5ad7c3bcf\"},\"headline\":\"Royal houses and Philhellenism during the 19th century\",\"datePublished\":\"2021-02-22T17:01:28+00:00\",\"mainEntityOfPage\":{\"@id\":\"https:\\\/\\\/www.eefshp.org\\\/en\\\/royal-houses-and-philhellenism-during-the-19th-century\\\/\"},\"wordCount\":2048,\"publisher\":{\"@id\":\"https:\\\/\\\/www.eefshp.org\\\/#organization\"},\"image\":{\"@id\":\"https:\\\/\\\/www.eefshp.org\\\/en\\\/royal-houses-and-philhellenism-during-the-19th-century\\\/#primaryimage\"},\"thumbnailUrl\":\"https:\\\/\\\/www.eefshp.org\\\/wp-content\\\/uploads\\\/2021\\\/02\\\/\u039c\u03bf\u03bd\u03b1\u03c1\u03c7\u03b9\u03ba\u03bf\u03af-\u03bf\u03af\u03ba\u03bf\u03b9-1.png\",\"articleSection\":[\"Theseis\"],\"inLanguage\":\"en-US\"},{\"@type\":\"WebPage\",\"@id\":\"https:\\\/\\\/www.eefshp.org\\\/en\\\/royal-houses-and-philhellenism-during-the-19th-century\\\/\",\"url\":\"https:\\\/\\\/www.eefshp.org\\\/en\\\/royal-houses-and-philhellenism-during-the-19th-century\\\/\",\"name\":\"Royal houses and Philhellenism during the 19th century - \u0395\u03c4\u03b1\u03b9\u03c1\u03b5\u03af\u03b1 \u03b3\u03b9\u03b1 \u03c4\u03bf\u03bd \u0395\u03bb\u03bb\u03b7\u03bd\u03b9\u03c3\u03bc\u03cc \u03ba\u03b1\u03b9 \u03c4\u03bf\u03bd \u03a6\u03b9\u03bb\u03b5\u03bb\u03bb\u03b7\u03bd\u03b9\u03c3\u03bc\u03cc\",\"isPartOf\":{\"@id\":\"https:\\\/\\\/www.eefshp.org\\\/#website\"},\"primaryImageOfPage\":{\"@id\":\"https:\\\/\\\/www.eefshp.org\\\/en\\\/royal-houses-and-philhellenism-during-the-19th-century\\\/#primaryimage\"},\"image\":{\"@id\":\"https:\\\/\\\/www.eefshp.org\\\/en\\\/royal-houses-and-philhellenism-during-the-19th-century\\\/#primaryimage\"},\"thumbnailUrl\":\"https:\\\/\\\/www.eefshp.org\\\/wp-content\\\/uploads\\\/2021\\\/02\\\/\u039c\u03bf\u03bd\u03b1\u03c1\u03c7\u03b9\u03ba\u03bf\u03af-\u03bf\u03af\u03ba\u03bf\u03b9-1.png\",\"datePublished\":\"2021-02-22T17:01:28+00:00\",\"breadcrumb\":{\"@id\":\"https:\\\/\\\/www.eefshp.org\\\/en\\\/royal-houses-and-philhellenism-during-the-19th-century\\\/#breadcrumb\"},\"inLanguage\":\"en-US\",\"potentialAction\":[{\"@type\":\"ReadAction\",\"target\":[\"https:\\\/\\\/www.eefshp.org\\\/en\\\/royal-houses-and-philhellenism-during-the-19th-century\\\/\"]}]},{\"@type\":\"ImageObject\",\"inLanguage\":\"en-US\",\"@id\":\"https:\\\/\\\/www.eefshp.org\\\/en\\\/royal-houses-and-philhellenism-during-the-19th-century\\\/#primaryimage\",\"url\":\"https:\\\/\\\/www.eefshp.org\\\/wp-content\\\/uploads\\\/2021\\\/02\\\/\u039c\u03bf\u03bd\u03b1\u03c1\u03c7\u03b9\u03ba\u03bf\u03af-\u03bf\u03af\u03ba\u03bf\u03b9-1.png\",\"contentUrl\":\"https:\\\/\\\/www.eefshp.org\\\/wp-content\\\/uploads\\\/2021\\\/02\\\/\u039c\u03bf\u03bd\u03b1\u03c1\u03c7\u03b9\u03ba\u03bf\u03af-\u03bf\u03af\u03ba\u03bf\u03b9-1.png\",\"width\":672,\"height\":875,\"caption\":\"\u0397 \u03b2\u03b1\u03c3\u03b9\u03bb\u03b9\u03ba\u03ae \u03bf\u03b9\u03ba\u03bf\u03b3\u03ad\u03bd\u03b5\u03b9\u03b1 \u03c4\u03b7\u03c2 \u0392\u03b1\u03c5\u03b1\u03c1\u03af\u03b1\u03c2 \u03b8\u03b1\u03c5\u03bc\u03ac\u03b6\u03b5\u03b9 \u03c4\u03bf\u03bd \u03c0\u03af\u03bd\u03b1\u03ba\u03b1 \u03c4\u03bf\u03c5 Von Hess, \u03bc\u03b5 \u03b8\u03ad\u03bc\u03b1 \u03c4\u03b7\u03bd \u03ac\u03c6\u03b9\u03be\u03b7 \u03c4\u03bf\u03c5 \u039f\u03b8\u03c9\u03bd\u03bf\u03c2 \u03c3\u03c4\u03bf \u039d\u03b1\u03cd\u03c0\u03bb\u03b9\u03bf\"},{\"@type\":\"BreadcrumbList\",\"@id\":\"https:\\\/\\\/www.eefshp.org\\\/en\\\/royal-houses-and-philhellenism-during-the-19th-century\\\/#breadcrumb\",\"itemListElement\":[{\"@type\":\"ListItem\",\"position\":1,\"name\":\"Home\",\"item\":\"https:\\\/\\\/www.eefshp.org\\\/en\\\/\"},{\"@type\":\"ListItem\",\"position\":2,\"name\":\"Royal houses and Philhellenism during the 19th century\"}]},{\"@type\":\"WebSite\",\"@id\":\"https:\\\/\\\/www.eefshp.org\\\/#website\",\"url\":\"https:\\\/\\\/www.eefshp.org\\\/\",\"name\":\"\u0395\u03c4\u03b1\u03b9\u03c1\u03b5\u03af\u03b1 \u03b3\u03b9\u03b1 \u03c4\u03bf\u03bd \u0395\u03bb\u03bb\u03b7\u03bd\u03b9\u03c3\u03bc\u03cc \u03ba\u03b1\u03b9 \u03c4\u03bf\u03bd \u03a6\u03b9\u03bb\u03b5\u03bb\u03bb\u03b7\u03bd\u03b9\u03c3\u03bc\u03cc\",\"description\":\"\",\"publisher\":{\"@id\":\"https:\\\/\\\/www.eefshp.org\\\/#organization\"},\"potentialAction\":[{\"@type\":\"SearchAction\",\"target\":{\"@type\":\"EntryPoint\",\"urlTemplate\":\"https:\\\/\\\/www.eefshp.org\\\/?s={search_term_string}\"},\"query-input\":{\"@type\":\"PropertyValueSpecification\",\"valueRequired\":true,\"valueName\":\"search_term_string\"}}],\"inLanguage\":\"en-US\"},{\"@type\":\"Organization\",\"@id\":\"https:\\\/\\\/www.eefshp.org\\\/#organization\",\"name\":\"\u0395\u03c4\u03b1\u03b9\u03c1\u03b5\u03af\u03b1 \u03b3\u03b9\u03b1 \u03c4\u03bf\u03bd \u0395\u03bb\u03bb\u03b7\u03bd\u03b9\u03c3\u03bc\u03cc \u03ba\u03b1\u03b9 \u03c4\u03bf\u03bd \u03a6\u03b9\u03bb\u03b5\u03bb\u03bb\u03b7\u03bd\u03b9\u03c3\u03bc\u03cc\",\"url\":\"https:\\\/\\\/www.eefshp.org\\\/\",\"logo\":{\"@type\":\"ImageObject\",\"inLanguage\":\"en-US\",\"@id\":\"https:\\\/\\\/www.eefshp.org\\\/#\\\/schema\\\/logo\\\/image\\\/\",\"url\":\"https:\\\/\\\/www.eefshp.org\\\/wp-content\\\/uploads\\\/2019\\\/04\\\/logo_eefshp_80h_EL.png\",\"contentUrl\":\"https:\\\/\\\/www.eefshp.org\\\/wp-content\\\/uploads\\\/2019\\\/04\\\/logo_eefshp_80h_EL.png\",\"width\":358,\"height\":80,\"caption\":\"\u0395\u03c4\u03b1\u03b9\u03c1\u03b5\u03af\u03b1 \u03b3\u03b9\u03b1 \u03c4\u03bf\u03bd \u0395\u03bb\u03bb\u03b7\u03bd\u03b9\u03c3\u03bc\u03cc \u03ba\u03b1\u03b9 \u03c4\u03bf\u03bd \u03a6\u03b9\u03bb\u03b5\u03bb\u03bb\u03b7\u03bd\u03b9\u03c3\u03bc\u03cc\"},\"image\":{\"@id\":\"https:\\\/\\\/www.eefshp.org\\\/#\\\/schema\\\/logo\\\/image\\\/\"}},{\"@type\":\"Person\",\"@id\":\"https:\\\/\\\/www.eefshp.org\\\/#\\\/schema\\\/person\\\/326167d6a4192597b9caceb5ad7c3bcf\",\"name\":\"Admin\",\"image\":{\"@type\":\"ImageObject\",\"inLanguage\":\"en-US\",\"@id\":\"https:\\\/\\\/secure.gravatar.com\\\/avatar\\\/03a7fe73b46c2784bfc2a598115ccc6614d58eb407e06183a7afe5e50bcc56fa?s=96&d=mm&r=g\",\"url\":\"https:\\\/\\\/secure.gravatar.com\\\/avatar\\\/03a7fe73b46c2784bfc2a598115ccc6614d58eb407e06183a7afe5e50bcc56fa?s=96&d=mm&r=g\",\"contentUrl\":\"https:\\\/\\\/secure.gravatar.com\\\/avatar\\\/03a7fe73b46c2784bfc2a598115ccc6614d58eb407e06183a7afe5e50bcc56fa?s=96&d=mm&r=g\",\"caption\":\"Admin\"}}]}<\/script>\n<!-- \/ Yoast SEO plugin. -->","yoast_head_json":{"title":"Royal houses and Philhellenism during the 19th century - \u0395\u03c4\u03b1\u03b9\u03c1\u03b5\u03af\u03b1 \u03b3\u03b9\u03b1 \u03c4\u03bf\u03bd \u0395\u03bb\u03bb\u03b7\u03bd\u03b9\u03c3\u03bc\u03cc \u03ba\u03b1\u03b9 \u03c4\u03bf\u03bd \u03a6\u03b9\u03bb\u03b5\u03bb\u03bb\u03b7\u03bd\u03b9\u03c3\u03bc\u03cc","robots":{"index":"index","follow":"follow","max-snippet":"max-snippet:-1","max-image-preview":"max-image-preview:large","max-video-preview":"max-video-preview:-1"},"canonical":"https:\/\/www.eefshp.org\/en\/royal-houses-and-philhellenism-during-the-19th-century\/","og_locale":"en_US","og_type":"article","og_title":"Royal houses and Philhellenism during the 19th century - \u0395\u03c4\u03b1\u03b9\u03c1\u03b5\u03af\u03b1 \u03b3\u03b9\u03b1 \u03c4\u03bf\u03bd \u0395\u03bb\u03bb\u03b7\u03bd\u03b9\u03c3\u03bc\u03cc \u03ba\u03b1\u03b9 \u03c4\u03bf\u03bd \u03a6\u03b9\u03bb\u03b5\u03bb\u03bb\u03b7\u03bd\u03b9\u03c3\u03bc\u03cc","og_description":"&nbsp; &nbsp; Dr. Eleni Leontidou and SHP\u2019s Scientific Committee &nbsp; The international circumstances at the time of the outbreak of the Greek revolution were less than favorable for the Greeks: after the end of the Napoleonic Wars, the leaders of the European powers met in Vienna, where they agreed on adopting a common policy for [&hellip;]","og_url":"https:\/\/www.eefshp.org\/en\/royal-houses-and-philhellenism-during-the-19th-century\/","og_site_name":"\u0395\u03c4\u03b1\u03b9\u03c1\u03b5\u03af\u03b1 \u03b3\u03b9\u03b1 \u03c4\u03bf\u03bd \u0395\u03bb\u03bb\u03b7\u03bd\u03b9\u03c3\u03bc\u03cc \u03ba\u03b1\u03b9 \u03c4\u03bf\u03bd \u03a6\u03b9\u03bb\u03b5\u03bb\u03bb\u03b7\u03bd\u03b9\u03c3\u03bc\u03cc","article_published_time":"2021-02-22T17:01:28+00:00","og_image":[{"width":672,"height":875,"url":"https:\/\/www.eefshp.org\/wp-content\/uploads\/2021\/02\/\u039c\u03bf\u03bd\u03b1\u03c1\u03c7\u03b9\u03ba\u03bf\u03af-\u03bf\u03af\u03ba\u03bf\u03b9-1.png","type":"image\/png"}],"author":"Admin","twitter_card":"summary_large_image","twitter_misc":{"Written by":"Admin","Est. reading time":"10 minutes"},"schema":{"@context":"https:\/\/schema.org","@graph":[{"@type":"Article","@id":"https:\/\/www.eefshp.org\/en\/royal-houses-and-philhellenism-during-the-19th-century\/#article","isPartOf":{"@id":"https:\/\/www.eefshp.org\/en\/royal-houses-and-philhellenism-during-the-19th-century\/"},"author":{"name":"Admin","@id":"https:\/\/www.eefshp.org\/#\/schema\/person\/326167d6a4192597b9caceb5ad7c3bcf"},"headline":"Royal houses and Philhellenism during the 19th century","datePublished":"2021-02-22T17:01:28+00:00","mainEntityOfPage":{"@id":"https:\/\/www.eefshp.org\/en\/royal-houses-and-philhellenism-during-the-19th-century\/"},"wordCount":2048,"publisher":{"@id":"https:\/\/www.eefshp.org\/#organization"},"image":{"@id":"https:\/\/www.eefshp.org\/en\/royal-houses-and-philhellenism-during-the-19th-century\/#primaryimage"},"thumbnailUrl":"https:\/\/www.eefshp.org\/wp-content\/uploads\/2021\/02\/\u039c\u03bf\u03bd\u03b1\u03c1\u03c7\u03b9\u03ba\u03bf\u03af-\u03bf\u03af\u03ba\u03bf\u03b9-1.png","articleSection":["Theseis"],"inLanguage":"en-US"},{"@type":"WebPage","@id":"https:\/\/www.eefshp.org\/en\/royal-houses-and-philhellenism-during-the-19th-century\/","url":"https:\/\/www.eefshp.org\/en\/royal-houses-and-philhellenism-during-the-19th-century\/","name":"Royal houses and Philhellenism during the 19th century - \u0395\u03c4\u03b1\u03b9\u03c1\u03b5\u03af\u03b1 \u03b3\u03b9\u03b1 \u03c4\u03bf\u03bd \u0395\u03bb\u03bb\u03b7\u03bd\u03b9\u03c3\u03bc\u03cc \u03ba\u03b1\u03b9 \u03c4\u03bf\u03bd \u03a6\u03b9\u03bb\u03b5\u03bb\u03bb\u03b7\u03bd\u03b9\u03c3\u03bc\u03cc","isPartOf":{"@id":"https:\/\/www.eefshp.org\/#website"},"primaryImageOfPage":{"@id":"https:\/\/www.eefshp.org\/en\/royal-houses-and-philhellenism-during-the-19th-century\/#primaryimage"},"image":{"@id":"https:\/\/www.eefshp.org\/en\/royal-houses-and-philhellenism-during-the-19th-century\/#primaryimage"},"thumbnailUrl":"https:\/\/www.eefshp.org\/wp-content\/uploads\/2021\/02\/\u039c\u03bf\u03bd\u03b1\u03c1\u03c7\u03b9\u03ba\u03bf\u03af-\u03bf\u03af\u03ba\u03bf\u03b9-1.png","datePublished":"2021-02-22T17:01:28+00:00","breadcrumb":{"@id":"https:\/\/www.eefshp.org\/en\/royal-houses-and-philhellenism-during-the-19th-century\/#breadcrumb"},"inLanguage":"en-US","potentialAction":[{"@type":"ReadAction","target":["https:\/\/www.eefshp.org\/en\/royal-houses-and-philhellenism-during-the-19th-century\/"]}]},{"@type":"ImageObject","inLanguage":"en-US","@id":"https:\/\/www.eefshp.org\/en\/royal-houses-and-philhellenism-during-the-19th-century\/#primaryimage","url":"https:\/\/www.eefshp.org\/wp-content\/uploads\/2021\/02\/\u039c\u03bf\u03bd\u03b1\u03c1\u03c7\u03b9\u03ba\u03bf\u03af-\u03bf\u03af\u03ba\u03bf\u03b9-1.png","contentUrl":"https:\/\/www.eefshp.org\/wp-content\/uploads\/2021\/02\/\u039c\u03bf\u03bd\u03b1\u03c1\u03c7\u03b9\u03ba\u03bf\u03af-\u03bf\u03af\u03ba\u03bf\u03b9-1.png","width":672,"height":875,"caption":"\u0397 \u03b2\u03b1\u03c3\u03b9\u03bb\u03b9\u03ba\u03ae \u03bf\u03b9\u03ba\u03bf\u03b3\u03ad\u03bd\u03b5\u03b9\u03b1 \u03c4\u03b7\u03c2 \u0392\u03b1\u03c5\u03b1\u03c1\u03af\u03b1\u03c2 \u03b8\u03b1\u03c5\u03bc\u03ac\u03b6\u03b5\u03b9 \u03c4\u03bf\u03bd \u03c0\u03af\u03bd\u03b1\u03ba\u03b1 \u03c4\u03bf\u03c5 Von Hess, \u03bc\u03b5 \u03b8\u03ad\u03bc\u03b1 \u03c4\u03b7\u03bd \u03ac\u03c6\u03b9\u03be\u03b7 \u03c4\u03bf\u03c5 \u039f\u03b8\u03c9\u03bd\u03bf\u03c2 \u03c3\u03c4\u03bf \u039d\u03b1\u03cd\u03c0\u03bb\u03b9\u03bf"},{"@type":"BreadcrumbList","@id":"https:\/\/www.eefshp.org\/en\/royal-houses-and-philhellenism-during-the-19th-century\/#breadcrumb","itemListElement":[{"@type":"ListItem","position":1,"name":"Home","item":"https:\/\/www.eefshp.org\/en\/"},{"@type":"ListItem","position":2,"name":"Royal houses and Philhellenism during the 19th century"}]},{"@type":"WebSite","@id":"https:\/\/www.eefshp.org\/#website","url":"https:\/\/www.eefshp.org\/","name":"\u0395\u03c4\u03b1\u03b9\u03c1\u03b5\u03af\u03b1 \u03b3\u03b9\u03b1 \u03c4\u03bf\u03bd \u0395\u03bb\u03bb\u03b7\u03bd\u03b9\u03c3\u03bc\u03cc \u03ba\u03b1\u03b9 \u03c4\u03bf\u03bd \u03a6\u03b9\u03bb\u03b5\u03bb\u03bb\u03b7\u03bd\u03b9\u03c3\u03bc\u03cc","description":"","publisher":{"@id":"https:\/\/www.eefshp.org\/#organization"},"potentialAction":[{"@type":"SearchAction","target":{"@type":"EntryPoint","urlTemplate":"https:\/\/www.eefshp.org\/?s={search_term_string}"},"query-input":{"@type":"PropertyValueSpecification","valueRequired":true,"valueName":"search_term_string"}}],"inLanguage":"en-US"},{"@type":"Organization","@id":"https:\/\/www.eefshp.org\/#organization","name":"\u0395\u03c4\u03b1\u03b9\u03c1\u03b5\u03af\u03b1 \u03b3\u03b9\u03b1 \u03c4\u03bf\u03bd \u0395\u03bb\u03bb\u03b7\u03bd\u03b9\u03c3\u03bc\u03cc \u03ba\u03b1\u03b9 \u03c4\u03bf\u03bd \u03a6\u03b9\u03bb\u03b5\u03bb\u03bb\u03b7\u03bd\u03b9\u03c3\u03bc\u03cc","url":"https:\/\/www.eefshp.org\/","logo":{"@type":"ImageObject","inLanguage":"en-US","@id":"https:\/\/www.eefshp.org\/#\/schema\/logo\/image\/","url":"https:\/\/www.eefshp.org\/wp-content\/uploads\/2019\/04\/logo_eefshp_80h_EL.png","contentUrl":"https:\/\/www.eefshp.org\/wp-content\/uploads\/2019\/04\/logo_eefshp_80h_EL.png","width":358,"height":80,"caption":"\u0395\u03c4\u03b1\u03b9\u03c1\u03b5\u03af\u03b1 \u03b3\u03b9\u03b1 \u03c4\u03bf\u03bd \u0395\u03bb\u03bb\u03b7\u03bd\u03b9\u03c3\u03bc\u03cc \u03ba\u03b1\u03b9 \u03c4\u03bf\u03bd \u03a6\u03b9\u03bb\u03b5\u03bb\u03bb\u03b7\u03bd\u03b9\u03c3\u03bc\u03cc"},"image":{"@id":"https:\/\/www.eefshp.org\/#\/schema\/logo\/image\/"}},{"@type":"Person","@id":"https:\/\/www.eefshp.org\/#\/schema\/person\/326167d6a4192597b9caceb5ad7c3bcf","name":"Admin","image":{"@type":"ImageObject","inLanguage":"en-US","@id":"https:\/\/secure.gravatar.com\/avatar\/03a7fe73b46c2784bfc2a598115ccc6614d58eb407e06183a7afe5e50bcc56fa?s=96&d=mm&r=g","url":"https:\/\/secure.gravatar.com\/avatar\/03a7fe73b46c2784bfc2a598115ccc6614d58eb407e06183a7afe5e50bcc56fa?s=96&d=mm&r=g","contentUrl":"https:\/\/secure.gravatar.com\/avatar\/03a7fe73b46c2784bfc2a598115ccc6614d58eb407e06183a7afe5e50bcc56fa?s=96&d=mm&r=g","caption":"Admin"}}]}},"_links":{"self":[{"href":"https:\/\/www.eefshp.org\/en\/wp-json\/wp\/v2\/posts\/15603","targetHints":{"allow":["GET"]}}],"collection":[{"href":"https:\/\/www.eefshp.org\/en\/wp-json\/wp\/v2\/posts"}],"about":[{"href":"https:\/\/www.eefshp.org\/en\/wp-json\/wp\/v2\/types\/post"}],"author":[{"embeddable":true,"href":"https:\/\/www.eefshp.org\/en\/wp-json\/wp\/v2\/users\/10"}],"replies":[{"embeddable":true,"href":"https:\/\/www.eefshp.org\/en\/wp-json\/wp\/v2\/comments?post=15603"}],"version-history":[{"count":2,"href":"https:\/\/www.eefshp.org\/en\/wp-json\/wp\/v2\/posts\/15603\/revisions"}],"predecessor-version":[{"id":15605,"href":"https:\/\/www.eefshp.org\/en\/wp-json\/wp\/v2\/posts\/15603\/revisions\/15605"}],"wp:featuredmedia":[{"embeddable":true,"href":"https:\/\/www.eefshp.org\/en\/wp-json\/wp\/v2\/media\/15580"}],"wp:attachment":[{"href":"https:\/\/www.eefshp.org\/en\/wp-json\/wp\/v2\/media?parent=15603"}],"wp:term":[{"taxonomy":"category","embeddable":true,"href":"https:\/\/www.eefshp.org\/en\/wp-json\/wp\/v2\/categories?post=15603"},{"taxonomy":"post_tag","embeddable":true,"href":"https:\/\/www.eefshp.org\/en\/wp-json\/wp\/v2\/tags?post=15603"}],"curies":[{"name":"wp","href":"https:\/\/api.w.org\/{rel}","templated":true}]}}