{"id":18448,"date":"2021-12-03T14:06:41","date_gmt":"2021-12-03T12:06:41","guid":{"rendered":"https:\/\/www.eefshp.org\/?p=18448"},"modified":"2021-12-03T14:19:47","modified_gmt":"2021-12-03T12:19:47","slug":"the-greek-revolution-in-spain-two-centuries-later","status":"publish","type":"post","link":"https:\/\/www.eefshp.org\/en\/the-greek-revolution-in-spain-two-centuries-later\/","title":{"rendered":"The Greek Revolution in Spain, two centuries later"},"content":{"rendered":"<section  class='av_textblock_section av-kwp1itve-049a2420ca238764a9d2cd59e23fff5d '   itemscope=\"itemscope\" itemtype=\"https:\/\/schema.org\/BlogPosting\" itemprop=\"blogPost\" ><div class='avia_textblock'  itemprop=\"text\" ><p><span style=\"font-size: 32px;\"><strong>The Greek Revolution in Spain, two centuries later<\/strong><\/span><\/p>\n<\/div><\/section>\n\n<style type=\"text\/css\" data-created_by=\"avia_inline_auto\" id=\"style-css-av-kwp1j3sf-2378b56f2089085fbc6cb0f099681ada\">\n#top .hr.hr-invisible.av-kwp1j3sf-2378b56f2089085fbc6cb0f099681ada{\nheight:50px;\n}\n<\/style>\n<div  class='hr av-kwp1j3sf-2378b56f2089085fbc6cb0f099681ada hr-invisible  avia-builder-el-1  el_after_av_textblock  el_before_av_one_full '><span class='hr-inner '><span class=\"hr-inner-style\"><\/span><\/span><\/div>\n\n<style type=\"text\/css\" data-created_by=\"avia_inline_auto\" id=\"style-css-av-2nkwzrp-347a3aff71b6eba3a49886838901832c\">\n.flex_column.av-2nkwzrp-347a3aff71b6eba3a49886838901832c{\nborder-radius:0px 0px 0px 0px;\npadding:0px 0px 0px 0px;\n}\n<\/style>\n<div  class='flex_column av-2nkwzrp-347a3aff71b6eba3a49886838901832c av_one_full  avia-builder-el-2  el_after_av_hr  el_before_av_hr  first flex_column_div av-zero-column-padding  '     ><style type=\"text\/css\" data-created_by=\"avia_inline_auto\" id=\"style-css-av-kwp1bkqh-2c2d71ad783461ff6ee08449c6db99f5\">\n.avia-image-container.av-kwp1bkqh-2c2d71ad783461ff6ee08449c6db99f5 img.avia_image{\nbox-shadow:none;\n}\n.avia-image-container.av-kwp1bkqh-2c2d71ad783461ff6ee08449c6db99f5 .av-image-caption-overlay-center{\ncolor:#ffffff;\n}\n<\/style>\n<div  class='avia-image-container av-kwp1bkqh-2c2d71ad783461ff6ee08449c6db99f5 av-styling- avia-align-center  avia-builder-el-3  avia-builder-el-no-sibling '   itemprop=\"image\" itemscope=\"itemscope\" itemtype=\"https:\/\/schema.org\/ImageObject\" ><div class=\"avia-image-container-inner\"><div class=\"avia-image-overlay-wrap\"><img decoding=\"async\" fetchpriority=\"high\" class='wp-image-18437 avia-img-lazy-loading-not-18437 avia_image ' src=\"https:\/\/www.eefshp.org\/wp-content\/uploads\/2021\/12\/Revolution-1.png\" alt='' title='Revolution 1'  height=\"400\" width=\"543\"  itemprop=\"thumbnailUrl\" srcset=\"https:\/\/www.eefshp.org\/wp-content\/uploads\/2021\/12\/Revolution-1.png 543w, https:\/\/www.eefshp.org\/wp-content\/uploads\/2021\/12\/Revolution-1-300x221.png 300w, https:\/\/www.eefshp.org\/wp-content\/uploads\/2021\/12\/Revolution-1-450x331.png 450w\" sizes=\"(max-width: 543px) 100vw, 543px\" \/><\/div><\/div><\/div><\/div>\n\n<style type=\"text\/css\" data-created_by=\"avia_inline_auto\" id=\"style-css-av-kwp4a76s-0fb0709a21434fcb6f5650b5f9fa4189\">\n#top .hr.hr-invisible.av-kwp4a76s-0fb0709a21434fcb6f5650b5f9fa4189{\nheight:50px;\n}\n<\/style>\n<div  class='hr av-kwp4a76s-0fb0709a21434fcb6f5650b5f9fa4189 hr-invisible  avia-builder-el-4  el_after_av_one_full  el_before_av_textblock '><span class='hr-inner '><span class=\"hr-inner-style\"><\/span><\/span><\/div>\n<section  class='av_textblock_section av-kwp48fzq-2057a7893a649384dad96405cacad13c '   itemscope=\"itemscope\" itemtype=\"https:\/\/schema.org\/BlogPosting\" itemprop=\"blogPost\" ><div class='avia_textblock'  itemprop=\"text\" ><p>The Society for Hellenism and Philhellenism (SHP) and the Philhellenism Museum present an event organized by the Hellenic American Union and the Spanish-Greek Cultural Association (Asociaci\u00f3n Cultural Hispano-Hel\u00e9nica), aiming to promote an important work related to Spanish Philhellenism.<\/p>\n<p>The member of the Scientific Committee of SHP, Eva Latorre, participates in this event.<\/p>\n<p>The event will take place on Tuesday, December 7, 2021, at 7.30 pm, at the Theater of the Hellenic American Union.<\/p>\n<p>In the event, three editions of the Spanish-Greek Cultural Association will be presented, regarding the impact of the Greek Revolution on the Spanish-speaking world. The event will be held in Greek.<\/p>\n<p>The volume entitled &#8220;Regions of the Revolution. The Greek uprising of 1821 in a transnational context&#8221;, was directed by Eva Latorre and Alvaro Garcia Marin. This work was recently released thanks to the financial support of the Greek Embassy in Madrid and the Costas and Eleni Ouranis Foundation. The event includes presentations in Spanish, English, Italian and Greek, from 14 scientists from all over the world. The authors of the texts analyze the Greek Revolution from various angles and its impact on the world.<\/p>\n<p>In 2015, the volume &#8220;Griegos que el estandarte alz\u00e1is de libres&#8221; (&#8220;Greeks who raise the banner of the free&#8221;) of Eva Latorre was published. It is a rich collection of Spanish and South American philhellenic poetry from 1821 to 1843. The bibliographic activity of the Spanish-Greek Cultural Association about the Greek Revolution comprises a forthcoming publication of an independent volume regarding its impact on Cuba and, more precisely, on the influence of the Cuban poet Jose Luis Alfonso (1810-1881), and other future studies on the uprising of 1821.<\/p>\n<p>The books are distributed in Greece, by Herodotus Publications (9 Mantzarou, Kolonaki, tel. 2103626349) and by the Philhellenism Museum.<\/p>\n<p>The speakers of the event are the following (biography annex follows):<\/p>\n<p><strong>Eusebi Ayensa<\/strong> (live), President of the Spanish-Greek Cultural Association<\/p>\n<p><strong>Nikos Pratsinis<\/strong> (live), Hispanist and translator<\/p>\n<p><strong>Eva Latorre (virtually), <\/strong>researcher specializing in philhellenism in Spain and Latin America<\/p>\n<p><strong>\u00c1lvaro Garc\u00eda Mar\u00edn <\/strong>(virtually), Professor of Greek Philology at the University of Malaga<\/p>\n<p><strong>Katerina Breyiani<\/strong> (virtually), Historian and Research Director of the Center for the Study of the History of Modern Hellenism of the Academy of Athens<\/p>\n<p><strong>Gilda Tentorio <\/strong>(virtually), Professor of Greek Philology at the Pavia and Milan Universities<\/p>\n<p><strong>The entrance is free. The presentation of a COVID-19 vaccination or disease certificate is required.<\/strong><\/p>\n<p><strong>Information<\/strong><strong>:<\/strong><\/p>\n<p>Theater of the Hellenic American Union: 22 Massalias, 10680, Athens<\/p>\n<p>Hellenic American Union Cultural Directorate: 2103680052, www.hau.gr<\/p>\n<\/div><\/section>\n\n<style type=\"text\/css\" data-created_by=\"avia_inline_auto\" id=\"style-css-av-7ke7g5-34905ce864d5588edf697d60f42ae9da\">\n.flex_column.av-7ke7g5-34905ce864d5588edf697d60f42ae9da{\nborder-radius:0px 0px 0px 0px;\npadding:0px 0px 0px 0px;\n}\n<\/style>\n<div  class='flex_column av-7ke7g5-34905ce864d5588edf697d60f42ae9da av_one_half  avia-builder-el-6  el_after_av_textblock  el_before_av_one_half  first flex_column_div av-zero-column-padding  column-top-margin'     ><style type=\"text\/css\" data-created_by=\"avia_inline_auto\" id=\"style-css-av-kwp323nv-edd1af7510301426b603178246cfad7c\">\n.avia-image-container.av-kwp323nv-edd1af7510301426b603178246cfad7c img.avia_image{\nbox-shadow:none;\n}\n.avia-image-container.av-kwp323nv-edd1af7510301426b603178246cfad7c .av-image-caption-overlay-center{\ncolor:#ffffff;\n}\n<\/style>\n<div  class='avia-image-container av-kwp323nv-edd1af7510301426b603178246cfad7c av-styling- avia-align-right  avia-builder-el-7  avia-builder-el-no-sibling '   itemprop=\"image\" itemscope=\"itemscope\" itemtype=\"https:\/\/schema.org\/ImageObject\" ><div class=\"avia-image-container-inner\"><div class=\"avia-image-overlay-wrap\"><img decoding=\"async\" fetchpriority=\"high\" class='wp-image-18408 avia-img-lazy-loading-not-18408 avia_image ' src=\"https:\/\/www.eefshp.org\/wp-content\/uploads\/2021\/12\/HAU-1.jpg\" alt='' title='HAU'  height=\"91\" width=\"234\"  itemprop=\"thumbnailUrl\"  \/><\/div><\/div><\/div><\/div>\n\n<style type=\"text\/css\" data-created_by=\"avia_inline_auto\" id=\"style-css-av-1tjw8ol-168cb5cc7689d7c45eb78523d5249356\">\n.flex_column.av-1tjw8ol-168cb5cc7689d7c45eb78523d5249356{\nborder-radius:0px 0px 0px 0px;\npadding:0px 0px 0px 0px;\n}\n<\/style>\n<div  class='flex_column av-1tjw8ol-168cb5cc7689d7c45eb78523d5249356 av_one_half  avia-builder-el-8  el_after_av_one_half  el_before_av_hr  flex_column_div av-zero-column-padding  column-top-margin'     ><style type=\"text\/css\" data-created_by=\"avia_inline_auto\" id=\"style-css-av-kwp32cjo-b8b642e25ee381d683bc450be782d386\">\n.avia-image-container.av-kwp32cjo-b8b642e25ee381d683bc450be782d386 img.avia_image{\nbox-shadow:none;\n}\n.avia-image-container.av-kwp32cjo-b8b642e25ee381d683bc450be782d386 .av-image-caption-overlay-center{\ncolor:#ffffff;\n}\n<\/style>\n<div  class='avia-image-container av-kwp32cjo-b8b642e25ee381d683bc450be782d386 av-styling- avia-align-left  avia-builder-el-9  avia-builder-el-no-sibling '   itemprop=\"image\" itemscope=\"itemscope\" itemtype=\"https:\/\/schema.org\/ImageObject\" ><div class=\"avia-image-container-inner\"><div class=\"avia-image-overlay-wrap\"><img decoding=\"async\" fetchpriority=\"high\" class='wp-image-18410 avia-img-lazy-loading-not-18410 avia_image ' src=\"https:\/\/www.eefshp.org\/wp-content\/uploads\/2021\/12\/Logo-1.jpg\" alt='' title='Logo'  height=\"92\" width=\"90\"  itemprop=\"thumbnailUrl\" srcset=\"https:\/\/www.eefshp.org\/wp-content\/uploads\/2021\/12\/Logo-1.jpg 90w, https:\/\/www.eefshp.org\/wp-content\/uploads\/2021\/12\/Logo-1-36x36.jpg 36w\" sizes=\"(max-width: 90px) 100vw, 90px\" \/><\/div><\/div><\/div><\/div>\n\n<style type=\"text\/css\" data-created_by=\"avia_inline_auto\" id=\"style-css-av-kwp4a76s-0fb0709a21434fcb6f5650b5f9fa4189\">\n#top .hr.hr-invisible.av-kwp4a76s-0fb0709a21434fcb6f5650b5f9fa4189{\nheight:50px;\n}\n<\/style>\n<div  class='hr av-kwp4a76s-0fb0709a21434fcb6f5650b5f9fa4189 hr-invisible  avia-builder-el-10  el_after_av_one_half  el_before_av_textblock '><span class='hr-inner '><span class=\"hr-inner-style\"><\/span><\/span><\/div>\n<section  class='av_textblock_section av-kwp4637f-c75c29121e407f473b89df7f128f0701 '   itemscope=\"itemscope\" itemtype=\"https:\/\/schema.org\/BlogPosting\" itemprop=\"blogPost\" ><div class='avia_textblock'  itemprop=\"text\" ><p><strong>\u0392\u0399\u039fGRAPHIES<\/strong><\/p>\n<\/div><\/section>\n\n<style type=\"text\/css\" data-created_by=\"avia_inline_auto\" id=\"style-css-av-1byh66t-d41a2d4787a3ddd2924a8b48f94645f3\">\n.flex_column.av-1byh66t-d41a2d4787a3ddd2924a8b48f94645f3{\nborder-radius:0px 0px 0px 0px;\npadding:0px 0px 0px 0px;\n}\n<\/style>\n<div  class='flex_column av-1byh66t-d41a2d4787a3ddd2924a8b48f94645f3 av_one_fourth  avia-builder-el-12  el_after_av_textblock  el_before_av_three_fourth  first flex_column_div av-zero-column-padding  column-top-margin'     ><style type=\"text\/css\" data-created_by=\"avia_inline_auto\" id=\"style-css-av-kwp37elq-3bc6ceac78eafc8d794dd9bfaff09547\">\n.avia-image-container.av-kwp37elq-3bc6ceac78eafc8d794dd9bfaff09547 img.avia_image{\nbox-shadow:none;\n}\n.avia-image-container.av-kwp37elq-3bc6ceac78eafc8d794dd9bfaff09547 .av-image-caption-overlay-center{\ncolor:#ffffff;\n}\n<\/style>\n<div  class='avia-image-container av-kwp37elq-3bc6ceac78eafc8d794dd9bfaff09547 av-styling- avia-align-center  avia-builder-el-13  avia-builder-el-no-sibling '   itemprop=\"image\" itemscope=\"itemscope\" itemtype=\"https:\/\/schema.org\/ImageObject\" ><div class=\"avia-image-container-inner\"><div class=\"avia-image-overlay-wrap\"><img decoding=\"async\" fetchpriority=\"high\" class='wp-image-18417 avia-img-lazy-loading-not-18417 avia_image ' src=\"https:\/\/www.eefshp.org\/wp-content\/uploads\/2021\/12\/Latorre.jpg\" alt='' title='Latorre'  height=\"147\" width=\"110\"  itemprop=\"thumbnailUrl\"  \/><\/div><\/div><\/div><\/div>\n\n<style type=\"text\/css\" data-created_by=\"avia_inline_auto\" id=\"style-css-av-sz84d1-74a466f1dfdb438bcf28b702bbff7130\">\n.flex_column.av-sz84d1-74a466f1dfdb438bcf28b702bbff7130{\nborder-radius:0px 0px 0px 0px;\npadding:0px 0px 0px 0px;\n}\n<\/style>\n<div  class='flex_column av-sz84d1-74a466f1dfdb438bcf28b702bbff7130 av_three_fourth  avia-builder-el-14  el_after_av_one_fourth  el_before_av_one_fourth  flex_column_div av-zero-column-padding  column-top-margin'     ><section  class='av_textblock_section av-kwp37z78-8de348e1136b5b8f43bd0890ce2fa1e7 '   itemscope=\"itemscope\" itemtype=\"https:\/\/schema.org\/BlogPosting\" itemprop=\"blogPost\" ><div class='avia_textblock'  itemprop=\"text\" ><p>Eva Latorre (Barbastro, 1968) is a member of the Board of Directors of the Spanish-Greek Cultural Association and a corresponding member of the Hellenic Writers&#8217; Society. She was awarded the Lord Byron Medal of the Society for Hellenism and Philhellenism for her studies for Spanish philhellenes and philhellenism in Spain.<\/p>\n<\/div><\/section><\/div>\n\n<style type=\"text\/css\" data-created_by=\"avia_inline_auto\" id=\"style-css-av-1byh66t-d41a2d4787a3ddd2924a8b48f94645f3\">\n.flex_column.av-1byh66t-d41a2d4787a3ddd2924a8b48f94645f3{\nborder-radius:0px 0px 0px 0px;\npadding:0px 0px 0px 0px;\n}\n<\/style>\n<div  class='flex_column av-1byh66t-d41a2d4787a3ddd2924a8b48f94645f3 av_one_fourth  avia-builder-el-16  el_after_av_three_fourth  el_before_av_three_fourth  first flex_column_div av-zero-column-padding  column-top-margin'     ><p>\n<style type=\"text\/css\" data-created_by=\"avia_inline_auto\" id=\"style-css-av-kwp4c8dp-7fb697f7bc545f10f0274716ac751733\">\n#top .hr.hr-invisible.av-kwp4c8dp-7fb697f7bc545f10f0274716ac751733{\nheight:25px;\n}\n<\/style>\n<div  class='hr av-kwp4c8dp-7fb697f7bc545f10f0274716ac751733 hr-invisible  avia-builder-el-17  el_before_av_image  avia-builder-el-first '><span class='hr-inner '><span class=\"hr-inner-style\"><\/span><\/span><\/div><br \/>\n\n<style type=\"text\/css\" data-created_by=\"avia_inline_auto\" id=\"style-css-av-kwp37elq-345f865c54d1d88cf9c4742080e9fc39\">\n.avia-image-container.av-kwp37elq-345f865c54d1d88cf9c4742080e9fc39 img.avia_image{\nbox-shadow:none;\n}\n.avia-image-container.av-kwp37elq-345f865c54d1d88cf9c4742080e9fc39 .av-image-caption-overlay-center{\ncolor:#ffffff;\n}\n<\/style>\n<div  class='avia-image-container av-kwp37elq-345f865c54d1d88cf9c4742080e9fc39 av-styling- avia-align-center  avia-builder-el-18  el_after_av_hr  avia-builder-el-last '   itemprop=\"image\" itemscope=\"itemscope\" itemtype=\"https:\/\/schema.org\/ImageObject\" ><div class=\"avia-image-container-inner\"><div class=\"avia-image-overlay-wrap\"><img decoding=\"async\" fetchpriority=\"high\" class='wp-image-18420 avia-img-lazy-loading-not-18420 avia_image ' src=\"https:\/\/www.eefshp.org\/wp-content\/uploads\/2021\/12\/Marin.jpg\" alt='' title='Marin'  height=\"147\" width=\"122\"  itemprop=\"thumbnailUrl\"  \/><\/div><\/div><\/div><\/p><\/div>\n\n<style type=\"text\/css\" data-created_by=\"avia_inline_auto\" id=\"style-css-av-sz84d1-74a466f1dfdb438bcf28b702bbff7130\">\n.flex_column.av-sz84d1-74a466f1dfdb438bcf28b702bbff7130{\nborder-radius:0px 0px 0px 0px;\npadding:0px 0px 0px 0px;\n}\n<\/style>\n<div  class='flex_column av-sz84d1-74a466f1dfdb438bcf28b702bbff7130 av_three_fourth  avia-builder-el-19  el_after_av_one_fourth  el_before_av_one_fourth  flex_column_div av-zero-column-padding  column-top-margin'     ><section  class='av_textblock_section av-kwp37z78-8de348e1136b5b8f43bd0890ce2fa1e7 '   itemscope=\"itemscope\" itemtype=\"https:\/\/schema.org\/BlogPosting\" itemprop=\"blogPost\" ><div class='avia_textblock'  itemprop=\"text\" ><p>\u00c1lvaro Garc\u00eda Mar\u00edn (Madrid, 1978) is Professor of Modern Greek Studies at the Department of Translation and Interpretation, University of M\u00e1laga (Spain). In 2009 he supported his doctoral dissertation at the Complutense University of Madrid. He worked as a researcher at the Center for Humanities and Social Sciences (CCHS) of the Spanish Research Center (CSIC). He has taught at the Columbia University (USA) and the University of Seville. His publication include the book Historias del vampiro griego (Stories of the Greek vampire, 2017).<\/p>\n<\/div><\/section><\/div>\n\n<style type=\"text\/css\" data-created_by=\"avia_inline_auto\" id=\"style-css-av-1byh66t-d41a2d4787a3ddd2924a8b48f94645f3\">\n.flex_column.av-1byh66t-d41a2d4787a3ddd2924a8b48f94645f3{\nborder-radius:0px 0px 0px 0px;\npadding:0px 0px 0px 0px;\n}\n<\/style>\n<div  class='flex_column av-1byh66t-d41a2d4787a3ddd2924a8b48f94645f3 av_one_fourth  avia-builder-el-21  el_after_av_three_fourth  el_before_av_three_fourth  first flex_column_div av-zero-column-padding  column-top-margin'     ><p>\n<style type=\"text\/css\" data-created_by=\"avia_inline_auto\" id=\"style-css-av-kwp4c8dp-7fb697f7bc545f10f0274716ac751733\">\n#top .hr.hr-invisible.av-kwp4c8dp-7fb697f7bc545f10f0274716ac751733{\nheight:25px;\n}\n<\/style>\n<div  class='hr av-kwp4c8dp-7fb697f7bc545f10f0274716ac751733 hr-invisible  avia-builder-el-22  el_before_av_image  avia-builder-el-first '><span class='hr-inner '><span class=\"hr-inner-style\"><\/span><\/span><\/div><br \/>\n\n<style type=\"text\/css\" data-created_by=\"avia_inline_auto\" id=\"style-css-av-kwp37elq-0a61d9ab5775ad40e1237eae958a1d5f\">\n.avia-image-container.av-kwp37elq-0a61d9ab5775ad40e1237eae958a1d5f img.avia_image{\nbox-shadow:none;\n}\n.avia-image-container.av-kwp37elq-0a61d9ab5775ad40e1237eae958a1d5f .av-image-caption-overlay-center{\ncolor:#ffffff;\n}\n<\/style>\n<div  class='avia-image-container av-kwp37elq-0a61d9ab5775ad40e1237eae958a1d5f av-styling- avia-align-center  avia-builder-el-23  el_after_av_hr  avia-builder-el-last '   itemprop=\"image\" itemscope=\"itemscope\" itemtype=\"https:\/\/schema.org\/ImageObject\" ><div class=\"avia-image-container-inner\"><div class=\"avia-image-overlay-wrap\"><img decoding=\"async\" fetchpriority=\"high\" class='wp-image-18423 avia-img-lazy-loading-not-18423 avia_image ' src=\"https:\/\/www.eefshp.org\/wp-content\/uploads\/2021\/12\/Mpregianni.jpg\" alt='' title='Mpregianni'  height=\"147\" width=\"152\"  itemprop=\"thumbnailUrl\" srcset=\"https:\/\/www.eefshp.org\/wp-content\/uploads\/2021\/12\/Mpregianni.jpg 152w, https:\/\/www.eefshp.org\/wp-content\/uploads\/2021\/12\/Mpregianni-36x36.jpg 36w\" sizes=\"(max-width: 152px) 100vw, 152px\" \/><\/div><\/div><\/div><\/p><\/div>\n\n<style type=\"text\/css\" data-created_by=\"avia_inline_auto\" id=\"style-css-av-sz84d1-74a466f1dfdb438bcf28b702bbff7130\">\n.flex_column.av-sz84d1-74a466f1dfdb438bcf28b702bbff7130{\nborder-radius:0px 0px 0px 0px;\npadding:0px 0px 0px 0px;\n}\n<\/style>\n<div  class='flex_column av-sz84d1-74a466f1dfdb438bcf28b702bbff7130 av_three_fourth  avia-builder-el-24  el_after_av_one_fourth  el_before_av_one_fourth  flex_column_div av-zero-column-padding  column-top-margin'     ><section  class='av_textblock_section av-kwp37z78-8de348e1136b5b8f43bd0890ce2fa1e7 '   itemscope=\"itemscope\" itemtype=\"https:\/\/schema.org\/BlogPosting\" itemprop=\"blogPost\" ><div class='avia_textblock'  itemprop=\"text\" ><p>Katerina Breyianni (Petalidi, Messinia, 1971) supported in 2000 her doctoral dissertation at the University of Paris I Panth\u00e9on-Sorbonne, Les Banques, agriculture and the state: Strategies of credit and agrarian politics in Greece, from 1861 to 1940. She is the Director of Research (2017) at the Research Center for the History of Modern Hellenism of the Academy of Athens, where she has been serving since 2003. At KEINE she directs (2020-) a Research Program on the transnational approach to the interwar economic and social crisis.<\/p>\n<\/div><\/section><\/div>\n\n<style type=\"text\/css\" data-created_by=\"avia_inline_auto\" id=\"style-css-av-1byh66t-d41a2d4787a3ddd2924a8b48f94645f3\">\n.flex_column.av-1byh66t-d41a2d4787a3ddd2924a8b48f94645f3{\nborder-radius:0px 0px 0px 0px;\npadding:0px 0px 0px 0px;\n}\n<\/style>\n<div  class='flex_column av-1byh66t-d41a2d4787a3ddd2924a8b48f94645f3 av_one_fourth  avia-builder-el-26  el_after_av_three_fourth  el_before_av_three_fourth  first flex_column_div av-zero-column-padding  column-top-margin'     ><p>\n<style type=\"text\/css\" data-created_by=\"avia_inline_auto\" id=\"style-css-av-kwp4c8dp-7fb697f7bc545f10f0274716ac751733\">\n#top .hr.hr-invisible.av-kwp4c8dp-7fb697f7bc545f10f0274716ac751733{\nheight:25px;\n}\n<\/style>\n<div  class='hr av-kwp4c8dp-7fb697f7bc545f10f0274716ac751733 hr-invisible  avia-builder-el-27  el_before_av_image  avia-builder-el-first '><span class='hr-inner '><span class=\"hr-inner-style\"><\/span><\/span><\/div><br \/>\n\n<style type=\"text\/css\" data-created_by=\"avia_inline_auto\" id=\"style-css-av-kwp37elq-84e46447aa046e8cce74b3e56f472813\">\n.avia-image-container.av-kwp37elq-84e46447aa046e8cce74b3e56f472813 img.avia_image{\nbox-shadow:none;\n}\n.avia-image-container.av-kwp37elq-84e46447aa046e8cce74b3e56f472813 .av-image-caption-overlay-center{\ncolor:#ffffff;\n}\n<\/style>\n<div  class='avia-image-container av-kwp37elq-84e46447aa046e8cce74b3e56f472813 av-styling- avia-align-center  avia-builder-el-28  el_after_av_hr  avia-builder-el-last '   itemprop=\"image\" itemscope=\"itemscope\" itemtype=\"https:\/\/schema.org\/ImageObject\" ><div class=\"avia-image-container-inner\"><div class=\"avia-image-overlay-wrap\"><img decoding=\"async\" fetchpriority=\"high\" class='wp-image-18425 avia-img-lazy-loading-not-18425 avia_image ' src=\"https:\/\/www.eefshp.org\/wp-content\/uploads\/2021\/12\/Tentorio.jpg\" alt='' title='Tentorio'  height=\"147\" width=\"102\"  itemprop=\"thumbnailUrl\"  \/><\/div><\/div><\/div><\/p><\/div>\n\n<style type=\"text\/css\" data-created_by=\"avia_inline_auto\" id=\"style-css-av-sz84d1-74a466f1dfdb438bcf28b702bbff7130\">\n.flex_column.av-sz84d1-74a466f1dfdb438bcf28b702bbff7130{\nborder-radius:0px 0px 0px 0px;\npadding:0px 0px 0px 0px;\n}\n<\/style>\n<div  class='flex_column av-sz84d1-74a466f1dfdb438bcf28b702bbff7130 av_three_fourth  avia-builder-el-29  el_after_av_one_fourth  el_before_av_one_fourth  flex_column_div av-zero-column-padding  column-top-margin'     ><section  class='av_textblock_section av-kwp37z78-8de348e1136b5b8f43bd0890ce2fa1e7 '   itemscope=\"itemscope\" itemtype=\"https:\/\/schema.org\/BlogPosting\" itemprop=\"blogPost\" ><div class='avia_textblock'  itemprop=\"text\" ><p>Gilda Tentorio (Lecco, 1976) teaches modern Greek language and literature at the Pavia and Milan Universities. In 2004 she supported her doctoral dissertation at the University of Turin and in 2010, a postdoctoral research in Athens (IKY) on the presence of myth in contemporary Greek theater. She translates modern Greek literature and she is the president of the Italian Department of the International Society of Friends of Nikos Kazantzakis. In Binari&#8217;s original monograph, ruote e ali in Grecia (Rails, Wheels and Feathers in Greece, 2015) she researches poems and prose from the late 19th century until today.<\/p>\n<\/div><\/section><\/div>\n\n<style type=\"text\/css\" data-created_by=\"avia_inline_auto\" id=\"style-css-av-1byh66t-d41a2d4787a3ddd2924a8b48f94645f3\">\n.flex_column.av-1byh66t-d41a2d4787a3ddd2924a8b48f94645f3{\nborder-radius:0px 0px 0px 0px;\npadding:0px 0px 0px 0px;\n}\n<\/style>\n<div  class='flex_column av-1byh66t-d41a2d4787a3ddd2924a8b48f94645f3 av_one_fourth  avia-builder-el-31  el_after_av_three_fourth  el_before_av_three_fourth  first flex_column_div av-zero-column-padding  column-top-margin'     ><p>\n<style type=\"text\/css\" data-created_by=\"avia_inline_auto\" id=\"style-css-av-kwp4c8dp-7fb697f7bc545f10f0274716ac751733\">\n#top .hr.hr-invisible.av-kwp4c8dp-7fb697f7bc545f10f0274716ac751733{\nheight:25px;\n}\n<\/style>\n<div  class='hr av-kwp4c8dp-7fb697f7bc545f10f0274716ac751733 hr-invisible  avia-builder-el-32  el_before_av_image  avia-builder-el-first '><span class='hr-inner '><span class=\"hr-inner-style\"><\/span><\/span><\/div><br \/>\n\n<style type=\"text\/css\" data-created_by=\"avia_inline_auto\" id=\"style-css-av-kwp37elq-3ada52914406b14099335fef0725ddc8\">\n.avia-image-container.av-kwp37elq-3ada52914406b14099335fef0725ddc8 img.avia_image{\nbox-shadow:none;\n}\n.avia-image-container.av-kwp37elq-3ada52914406b14099335fef0725ddc8 .av-image-caption-overlay-center{\ncolor:#ffffff;\n}\n<\/style>\n<div  class='avia-image-container av-kwp37elq-3ada52914406b14099335fef0725ddc8 av-styling- avia-align-center  avia-builder-el-33  el_after_av_hr  avia-builder-el-last '   itemprop=\"image\" itemscope=\"itemscope\" itemtype=\"https:\/\/schema.org\/ImageObject\" ><div class=\"avia-image-container-inner\"><div class=\"avia-image-overlay-wrap\"><img decoding=\"async\" fetchpriority=\"high\" class='wp-image-18429 avia-img-lazy-loading-not-18429 avia_image ' src=\"https:\/\/www.eefshp.org\/wp-content\/uploads\/2021\/12\/Ayensa.jpg\" alt='' title='Ayensa'  height=\"147\" width=\"114\"  itemprop=\"thumbnailUrl\"  \/><\/div><\/div><\/div><\/p><\/div>\n\n<style type=\"text\/css\" data-created_by=\"avia_inline_auto\" id=\"style-css-av-sz84d1-74a466f1dfdb438bcf28b702bbff7130\">\n.flex_column.av-sz84d1-74a466f1dfdb438bcf28b702bbff7130{\nborder-radius:0px 0px 0px 0px;\npadding:0px 0px 0px 0px;\n}\n<\/style>\n<div  class='flex_column av-sz84d1-74a466f1dfdb438bcf28b702bbff7130 av_three_fourth  avia-builder-el-34  el_after_av_one_fourth  el_before_av_one_fourth  flex_column_div av-zero-column-padding  column-top-margin'     ><section  class='av_textblock_section av-kwp37z78-8de348e1136b5b8f43bd0890ce2fa1e7 '   itemscope=\"itemscope\" itemtype=\"https:\/\/schema.org\/BlogPosting\" itemprop=\"blogPost\" ><div class='avia_textblock'  itemprop=\"text\" ><p>Eusebi Ayensa (Figueres, 1967) is a Corresponding Member of the Academy of Athens (in the Class of Letters and Fine Arts), of the Royal Academy of Letters in Barcelona and of the Hellenic Society of Writers. He directs the Educational and Academic Department of the Archaeological site of Empuries, in northern Catalonia, and from 2007 to 2012 he was the director of the Cervantes Institute of Athens.<\/p>\n<\/div><\/section><\/div>\n\n<style type=\"text\/css\" data-created_by=\"avia_inline_auto\" id=\"style-css-av-1byh66t-d41a2d4787a3ddd2924a8b48f94645f3\">\n.flex_column.av-1byh66t-d41a2d4787a3ddd2924a8b48f94645f3{\nborder-radius:0px 0px 0px 0px;\npadding:0px 0px 0px 0px;\n}\n<\/style>\n<div  class='flex_column av-1byh66t-d41a2d4787a3ddd2924a8b48f94645f3 av_one_fourth  avia-builder-el-36  el_after_av_three_fourth  el_before_av_three_fourth  first flex_column_div av-zero-column-padding  column-top-margin'     ><p>\n<style type=\"text\/css\" data-created_by=\"avia_inline_auto\" id=\"style-css-av-kwp4c8dp-7fb697f7bc545f10f0274716ac751733\">\n#top .hr.hr-invisible.av-kwp4c8dp-7fb697f7bc545f10f0274716ac751733{\nheight:25px;\n}\n<\/style>\n<div  class='hr av-kwp4c8dp-7fb697f7bc545f10f0274716ac751733 hr-invisible  avia-builder-el-37  el_before_av_image  avia-builder-el-first '><span class='hr-inner '><span class=\"hr-inner-style\"><\/span><\/span><\/div><br \/>\n\n<style type=\"text\/css\" data-created_by=\"avia_inline_auto\" id=\"style-css-av-kwp37elq-84a399da8c045441b60a202e9a29683e\">\n.avia-image-container.av-kwp37elq-84a399da8c045441b60a202e9a29683e img.avia_image{\nbox-shadow:none;\n}\n.avia-image-container.av-kwp37elq-84a399da8c045441b60a202e9a29683e .av-image-caption-overlay-center{\ncolor:#ffffff;\n}\n<\/style>\n<div  class='avia-image-container av-kwp37elq-84a399da8c045441b60a202e9a29683e av-styling- avia-align-center  avia-builder-el-38  el_after_av_hr  avia-builder-el-last '   itemprop=\"image\" itemscope=\"itemscope\" itemtype=\"https:\/\/schema.org\/ImageObject\" ><div class=\"avia-image-container-inner\"><div class=\"avia-image-overlay-wrap\"><img decoding=\"async\" fetchpriority=\"high\" class='wp-image-18431 avia-img-lazy-loading-not-18431 avia_image ' src=\"https:\/\/www.eefshp.org\/wp-content\/uploads\/2021\/12\/Pratsinis.jpg\" alt='' title='Pratsinis'  height=\"147\" width=\"112\"  itemprop=\"thumbnailUrl\"  \/><\/div><\/div><\/div><\/p><\/div>\n\n<style type=\"text\/css\" data-created_by=\"avia_inline_auto\" id=\"style-css-av-sz84d1-74a466f1dfdb438bcf28b702bbff7130\">\n.flex_column.av-sz84d1-74a466f1dfdb438bcf28b702bbff7130{\nborder-radius:0px 0px 0px 0px;\npadding:0px 0px 0px 0px;\n}\n<\/style>\n<div  class='flex_column av-sz84d1-74a466f1dfdb438bcf28b702bbff7130 av_three_fourth  avia-builder-el-39  el_after_av_one_fourth  avia-builder-el-last  flex_column_div av-zero-column-padding  column-top-margin'     ><section  class='av_textblock_section av-kwp37z78-8de348e1136b5b8f43bd0890ce2fa1e7 '   itemscope=\"itemscope\" itemtype=\"https:\/\/schema.org\/BlogPosting\" itemprop=\"blogPost\" ><div class='avia_textblock'  itemprop=\"text\" ><p>Nikos Pratsinis (Athens, 1957), studied Chemistry (EKPA) and attended postgraduate studies in Madrid and Lisbon. He works as a technical and literary translation translator, interpreter and translation teacher. He has translated in the Greek Chronicles on the Spanish conquest of America, Ramon Muntaner&#8217;s Expedition of the Catalans in the East and Eva Latorre&#8217;s work Liberators of a Great Nation, as well as the &#8220;Cavafy Rule&#8221; in Portuguese.<\/p>\n<\/div><\/section><\/div>\n","protected":false},"excerpt":{"rendered":"<p>\u0397 \u0395\u03c4\u03b1\u03b9\u03c1\u03b5\u03af\u03b1 \u03b3\u03b9\u03b1 \u03c4\u03bf\u03bd \u0395\u03bb\u03bb\u03b7\u03bd\u03b9\u03c3\u03bc\u03cc \u03ba\u03b1\u03b9 \u03a6\u03b9\u03bb\u03b5\u03bb\u03bb\u03b7\u03bd\u03b9\u03c3\u03bc\u03cc (\u0395\u0395\u03a6) \u03ba\u03b1\u03b9 \u03c4\u03bf \u039c\u03bf\u03c5\u03c3\u03b5\u03af\u03bf \u03a6\u03b9\u03bb\u03b5\u03bb\u03bb\u03b7\u03bd\u03b9\u03c3\u03bc\u03bf\u03cd \u03c0\u03b1\u03c1\u03bf\u03c5\u03c3\u03b9\u03ac\u03b6\u03bf\u03c5\u03bd \u03bc\u03af\u03b1 \u03b5\u03ba\u03b4\u03ae\u03bb\u03c9\u03c3\u03b7 \u03c0\u03bf\u03c5 \u03bf\u03c1\u03b3\u03b1\u03bd\u03ce\u03bd\u03b5\u03b9 \u03b7 \u0395\u03bb\u03bb\u03b7\u03bd\u03bf\u03b1\u03bc\u03b5\u03c1\u03b9\u03ba\u03b1\u03bd\u03b9\u03ba\u03ae \u0388\u03bd\u03c9\u03c3\u03b7 \u03ba\u03b1\u03b9 \u03bf \u0399\u03c3\u03c0\u03b1\u03bd\u03bf-\u03b5\u03bb\u03bb\u03b7\u03bd\u03b9\u03ba\u03cc\u03c2 \u03a0\u03bf\u03bb\u03b9\u03c4\u03b9\u03c3\u03c4\u03b9\u03ba\u03cc\u03c2 \u03a3\u03cd\u03bd\u03b4\u03b5\u03c3\u03bc\u03bf\u03c2 (Asociaci\u00f3n Cultural Hispano-Hel\u00e9nica), \u03bc\u03b5 \u03c3\u03c4\u03cc\u03c7\u03bf \u03bd\u03b1 \u03c0\u03c1\u03bf\u03b2\u03ac\u03bb\u03b5\u03b9 \u03ad\u03bd\u03b1 \u03c3\u03b7\u03bc\u03b1\u03bd\u03c4\u03b9\u03ba\u03cc \u03ad\u03c1\u03b3\u03bf \u03c3\u03c7\u03b5\u03c4\u03b9\u03ba\u03cc \u03bc\u03b5 \u03c4\u03bf\u03bd \u0399\u03c3\u03c0\u03b1\u03bd\u03b9\u03ba\u03cc \u03a6\u03b9\u03bb\u03b5\u03bb\u03bb\u03b7\u03bd\u03b9\u03c3\u03bc\u03cc.<\/p>\n","protected":false},"author":10,"featured_media":18436,"comment_status":"closed","ping_status":"closed","sticky":false,"template":"","format":"standard","meta":{"inline_featured_image":false,"_exactmetrics_skip_tracking":false,"_exactmetrics_sitenote_active":false,"_exactmetrics_sitenote_note":"","_exactmetrics_sitenote_category":0,"footnotes":""},"categories":[92],"tags":[],"class_list":["post-18448","post","type-post","status-publish","format-standard","has-post-thumbnail","hentry","category-presentations"],"yoast_head":"<!-- This site is optimized with the Yoast SEO plugin v27.4 - https:\/\/yoast.com\/product\/yoast-seo-wordpress\/ -->\n<title>The Greek Revolution in Spain, two centuries later - \u0395\u03c4\u03b1\u03b9\u03c1\u03b5\u03af\u03b1 \u03b3\u03b9\u03b1 \u03c4\u03bf\u03bd \u0395\u03bb\u03bb\u03b7\u03bd\u03b9\u03c3\u03bc\u03cc \u03ba\u03b1\u03b9 \u03c4\u03bf\u03bd \u03a6\u03b9\u03bb\u03b5\u03bb\u03bb\u03b7\u03bd\u03b9\u03c3\u03bc\u03cc<\/title>\n<meta name=\"robots\" content=\"index, follow, max-snippet:-1, max-image-preview:large, max-video-preview:-1\" \/>\n<link rel=\"canonical\" href=\"https:\/\/www.eefshp.org\/en\/the-greek-revolution-in-spain-two-centuries-later\/\" \/>\n<meta property=\"og:locale\" content=\"en_US\" \/>\n<meta property=\"og:type\" content=\"article\" \/>\n<meta property=\"og:title\" content=\"The Greek Revolution in Spain, two centuries later - \u0395\u03c4\u03b1\u03b9\u03c1\u03b5\u03af\u03b1 \u03b3\u03b9\u03b1 \u03c4\u03bf\u03bd \u0395\u03bb\u03bb\u03b7\u03bd\u03b9\u03c3\u03bc\u03cc \u03ba\u03b1\u03b9 \u03c4\u03bf\u03bd \u03a6\u03b9\u03bb\u03b5\u03bb\u03bb\u03b7\u03bd\u03b9\u03c3\u03bc\u03cc\" \/>\n<meta property=\"og:description\" content=\"\u0397 \u0395\u03c4\u03b1\u03b9\u03c1\u03b5\u03af\u03b1 \u03b3\u03b9\u03b1 \u03c4\u03bf\u03bd \u0395\u03bb\u03bb\u03b7\u03bd\u03b9\u03c3\u03bc\u03cc \u03ba\u03b1\u03b9 \u03a6\u03b9\u03bb\u03b5\u03bb\u03bb\u03b7\u03bd\u03b9\u03c3\u03bc\u03cc (\u0395\u0395\u03a6) \u03ba\u03b1\u03b9 \u03c4\u03bf \u039c\u03bf\u03c5\u03c3\u03b5\u03af\u03bf \u03a6\u03b9\u03bb\u03b5\u03bb\u03bb\u03b7\u03bd\u03b9\u03c3\u03bc\u03bf\u03cd \u03c0\u03b1\u03c1\u03bf\u03c5\u03c3\u03b9\u03ac\u03b6\u03bf\u03c5\u03bd \u03bc\u03af\u03b1 \u03b5\u03ba\u03b4\u03ae\u03bb\u03c9\u03c3\u03b7 \u03c0\u03bf\u03c5 \u03bf\u03c1\u03b3\u03b1\u03bd\u03ce\u03bd\u03b5\u03b9 \u03b7 \u0395\u03bb\u03bb\u03b7\u03bd\u03bf\u03b1\u03bc\u03b5\u03c1\u03b9\u03ba\u03b1\u03bd\u03b9\u03ba\u03ae \u0388\u03bd\u03c9\u03c3\u03b7 \u03ba\u03b1\u03b9 \u03bf \u0399\u03c3\u03c0\u03b1\u03bd\u03bf-\u03b5\u03bb\u03bb\u03b7\u03bd\u03b9\u03ba\u03cc\u03c2 \u03a0\u03bf\u03bb\u03b9\u03c4\u03b9\u03c3\u03c4\u03b9\u03ba\u03cc\u03c2 \u03a3\u03cd\u03bd\u03b4\u03b5\u03c3\u03bc\u03bf\u03c2 (Asociaci\u00f3n Cultural Hispano-Hel\u00e9nica), \u03bc\u03b5 \u03c3\u03c4\u03cc\u03c7\u03bf \u03bd\u03b1 \u03c0\u03c1\u03bf\u03b2\u03ac\u03bb\u03b5\u03b9 \u03ad\u03bd\u03b1 \u03c3\u03b7\u03bc\u03b1\u03bd\u03c4\u03b9\u03ba\u03cc \u03ad\u03c1\u03b3\u03bf \u03c3\u03c7\u03b5\u03c4\u03b9\u03ba\u03cc \u03bc\u03b5 \u03c4\u03bf\u03bd \u0399\u03c3\u03c0\u03b1\u03bd\u03b9\u03ba\u03cc \u03a6\u03b9\u03bb\u03b5\u03bb\u03bb\u03b7\u03bd\u03b9\u03c3\u03bc\u03cc.\" \/>\n<meta property=\"og:url\" content=\"https:\/\/www.eefshp.org\/en\/the-greek-revolution-in-spain-two-centuries-later\/\" \/>\n<meta property=\"og:site_name\" content=\"\u0395\u03c4\u03b1\u03b9\u03c1\u03b5\u03af\u03b1 \u03b3\u03b9\u03b1 \u03c4\u03bf\u03bd \u0395\u03bb\u03bb\u03b7\u03bd\u03b9\u03c3\u03bc\u03cc \u03ba\u03b1\u03b9 \u03c4\u03bf\u03bd \u03a6\u03b9\u03bb\u03b5\u03bb\u03bb\u03b7\u03bd\u03b9\u03c3\u03bc\u03cc\" \/>\n<meta property=\"article:published_time\" content=\"2021-12-03T12:06:41+00:00\" \/>\n<meta property=\"article:modified_time\" content=\"2021-12-03T12:19:47+00:00\" \/>\n<meta property=\"og:image\" content=\"https:\/\/www.eefshp.org\/wp-content\/uploads\/2021\/12\/Revolution-1.png\" \/>\n\t<meta property=\"og:image:width\" content=\"543\" \/>\n\t<meta property=\"og:image:height\" content=\"400\" \/>\n\t<meta property=\"og:image:type\" content=\"image\/png\" \/>\n<meta name=\"author\" content=\"Admin\" \/>\n<meta name=\"twitter:card\" content=\"summary_large_image\" \/>\n<meta name=\"twitter:label1\" content=\"Written by\" \/>\n\t<meta name=\"twitter:data1\" content=\"Admin\" \/>\n\t<meta name=\"twitter:label2\" content=\"Est. reading time\" \/>\n\t<meta name=\"twitter:data2\" content=\"19 minutes\" \/>\n<script type=\"application\/ld+json\" class=\"yoast-schema-graph\">{\"@context\":\"https:\\\/\\\/schema.org\",\"@graph\":[{\"@type\":\"Article\",\"@id\":\"https:\\\/\\\/www.eefshp.org\\\/en\\\/the-greek-revolution-in-spain-two-centuries-later\\\/#article\",\"isPartOf\":{\"@id\":\"https:\\\/\\\/www.eefshp.org\\\/en\\\/the-greek-revolution-in-spain-two-centuries-later\\\/\"},\"author\":{\"name\":\"Admin\",\"@id\":\"https:\\\/\\\/www.eefshp.org\\\/#\\\/schema\\\/person\\\/326167d6a4192597b9caceb5ad7c3bcf\"},\"headline\":\"The Greek Revolution in Spain, two centuries later\",\"datePublished\":\"2021-12-03T12:06:41+00:00\",\"dateModified\":\"2021-12-03T12:19:47+00:00\",\"mainEntityOfPage\":{\"@id\":\"https:\\\/\\\/www.eefshp.org\\\/en\\\/the-greek-revolution-in-spain-two-centuries-later\\\/\"},\"wordCount\":3005,\"publisher\":{\"@id\":\"https:\\\/\\\/www.eefshp.org\\\/#organization\"},\"image\":{\"@id\":\"https:\\\/\\\/www.eefshp.org\\\/en\\\/the-greek-revolution-in-spain-two-centuries-later\\\/#primaryimage\"},\"thumbnailUrl\":\"https:\\\/\\\/www.eefshp.org\\\/wp-content\\\/uploads\\\/2021\\\/12\\\/Revolution-1.png\",\"articleSection\":[\"Presentations\"],\"inLanguage\":\"en-US\"},{\"@type\":\"WebPage\",\"@id\":\"https:\\\/\\\/www.eefshp.org\\\/en\\\/the-greek-revolution-in-spain-two-centuries-later\\\/\",\"url\":\"https:\\\/\\\/www.eefshp.org\\\/en\\\/the-greek-revolution-in-spain-two-centuries-later\\\/\",\"name\":\"The Greek Revolution in Spain, two centuries later - \u0395\u03c4\u03b1\u03b9\u03c1\u03b5\u03af\u03b1 \u03b3\u03b9\u03b1 \u03c4\u03bf\u03bd \u0395\u03bb\u03bb\u03b7\u03bd\u03b9\u03c3\u03bc\u03cc \u03ba\u03b1\u03b9 \u03c4\u03bf\u03bd \u03a6\u03b9\u03bb\u03b5\u03bb\u03bb\u03b7\u03bd\u03b9\u03c3\u03bc\u03cc\",\"isPartOf\":{\"@id\":\"https:\\\/\\\/www.eefshp.org\\\/#website\"},\"primaryImageOfPage\":{\"@id\":\"https:\\\/\\\/www.eefshp.org\\\/en\\\/the-greek-revolution-in-spain-two-centuries-later\\\/#primaryimage\"},\"image\":{\"@id\":\"https:\\\/\\\/www.eefshp.org\\\/en\\\/the-greek-revolution-in-spain-two-centuries-later\\\/#primaryimage\"},\"thumbnailUrl\":\"https:\\\/\\\/www.eefshp.org\\\/wp-content\\\/uploads\\\/2021\\\/12\\\/Revolution-1.png\",\"datePublished\":\"2021-12-03T12:06:41+00:00\",\"dateModified\":\"2021-12-03T12:19:47+00:00\",\"breadcrumb\":{\"@id\":\"https:\\\/\\\/www.eefshp.org\\\/en\\\/the-greek-revolution-in-spain-two-centuries-later\\\/#breadcrumb\"},\"inLanguage\":\"en-US\",\"potentialAction\":[{\"@type\":\"ReadAction\",\"target\":[\"https:\\\/\\\/www.eefshp.org\\\/en\\\/the-greek-revolution-in-spain-two-centuries-later\\\/\"]}]},{\"@type\":\"ImageObject\",\"inLanguage\":\"en-US\",\"@id\":\"https:\\\/\\\/www.eefshp.org\\\/en\\\/the-greek-revolution-in-spain-two-centuries-later\\\/#primaryimage\",\"url\":\"https:\\\/\\\/www.eefshp.org\\\/wp-content\\\/uploads\\\/2021\\\/12\\\/Revolution-1.png\",\"contentUrl\":\"https:\\\/\\\/www.eefshp.org\\\/wp-content\\\/uploads\\\/2021\\\/12\\\/Revolution-1.png\",\"width\":543,\"height\":400},{\"@type\":\"BreadcrumbList\",\"@id\":\"https:\\\/\\\/www.eefshp.org\\\/en\\\/the-greek-revolution-in-spain-two-centuries-later\\\/#breadcrumb\",\"itemListElement\":[{\"@type\":\"ListItem\",\"position\":1,\"name\":\"Home\",\"item\":\"https:\\\/\\\/www.eefshp.org\\\/en\\\/\"},{\"@type\":\"ListItem\",\"position\":2,\"name\":\"The Greek Revolution in Spain, two centuries later\"}]},{\"@type\":\"WebSite\",\"@id\":\"https:\\\/\\\/www.eefshp.org\\\/#website\",\"url\":\"https:\\\/\\\/www.eefshp.org\\\/\",\"name\":\"\u0395\u03c4\u03b1\u03b9\u03c1\u03b5\u03af\u03b1 \u03b3\u03b9\u03b1 \u03c4\u03bf\u03bd \u0395\u03bb\u03bb\u03b7\u03bd\u03b9\u03c3\u03bc\u03cc \u03ba\u03b1\u03b9 \u03c4\u03bf\u03bd \u03a6\u03b9\u03bb\u03b5\u03bb\u03bb\u03b7\u03bd\u03b9\u03c3\u03bc\u03cc\",\"description\":\"\",\"publisher\":{\"@id\":\"https:\\\/\\\/www.eefshp.org\\\/#organization\"},\"potentialAction\":[{\"@type\":\"SearchAction\",\"target\":{\"@type\":\"EntryPoint\",\"urlTemplate\":\"https:\\\/\\\/www.eefshp.org\\\/?s={search_term_string}\"},\"query-input\":{\"@type\":\"PropertyValueSpecification\",\"valueRequired\":true,\"valueName\":\"search_term_string\"}}],\"inLanguage\":\"en-US\"},{\"@type\":\"Organization\",\"@id\":\"https:\\\/\\\/www.eefshp.org\\\/#organization\",\"name\":\"\u0395\u03c4\u03b1\u03b9\u03c1\u03b5\u03af\u03b1 \u03b3\u03b9\u03b1 \u03c4\u03bf\u03bd \u0395\u03bb\u03bb\u03b7\u03bd\u03b9\u03c3\u03bc\u03cc \u03ba\u03b1\u03b9 \u03c4\u03bf\u03bd \u03a6\u03b9\u03bb\u03b5\u03bb\u03bb\u03b7\u03bd\u03b9\u03c3\u03bc\u03cc\",\"url\":\"https:\\\/\\\/www.eefshp.org\\\/\",\"logo\":{\"@type\":\"ImageObject\",\"inLanguage\":\"en-US\",\"@id\":\"https:\\\/\\\/www.eefshp.org\\\/#\\\/schema\\\/logo\\\/image\\\/\",\"url\":\"https:\\\/\\\/www.eefshp.org\\\/wp-content\\\/uploads\\\/2019\\\/04\\\/logo_eefshp_80h_EL.png\",\"contentUrl\":\"https:\\\/\\\/www.eefshp.org\\\/wp-content\\\/uploads\\\/2019\\\/04\\\/logo_eefshp_80h_EL.png\",\"width\":358,\"height\":80,\"caption\":\"\u0395\u03c4\u03b1\u03b9\u03c1\u03b5\u03af\u03b1 \u03b3\u03b9\u03b1 \u03c4\u03bf\u03bd \u0395\u03bb\u03bb\u03b7\u03bd\u03b9\u03c3\u03bc\u03cc \u03ba\u03b1\u03b9 \u03c4\u03bf\u03bd \u03a6\u03b9\u03bb\u03b5\u03bb\u03bb\u03b7\u03bd\u03b9\u03c3\u03bc\u03cc\"},\"image\":{\"@id\":\"https:\\\/\\\/www.eefshp.org\\\/#\\\/schema\\\/logo\\\/image\\\/\"}},{\"@type\":\"Person\",\"@id\":\"https:\\\/\\\/www.eefshp.org\\\/#\\\/schema\\\/person\\\/326167d6a4192597b9caceb5ad7c3bcf\",\"name\":\"Admin\",\"image\":{\"@type\":\"ImageObject\",\"inLanguage\":\"en-US\",\"@id\":\"https:\\\/\\\/secure.gravatar.com\\\/avatar\\\/03a7fe73b46c2784bfc2a598115ccc6614d58eb407e06183a7afe5e50bcc56fa?s=96&d=mm&r=g\",\"url\":\"https:\\\/\\\/secure.gravatar.com\\\/avatar\\\/03a7fe73b46c2784bfc2a598115ccc6614d58eb407e06183a7afe5e50bcc56fa?s=96&d=mm&r=g\",\"contentUrl\":\"https:\\\/\\\/secure.gravatar.com\\\/avatar\\\/03a7fe73b46c2784bfc2a598115ccc6614d58eb407e06183a7afe5e50bcc56fa?s=96&d=mm&r=g\",\"caption\":\"Admin\"}}]}<\/script>\n<!-- \/ Yoast SEO plugin. -->","yoast_head_json":{"title":"The Greek Revolution in Spain, two centuries later - \u0395\u03c4\u03b1\u03b9\u03c1\u03b5\u03af\u03b1 \u03b3\u03b9\u03b1 \u03c4\u03bf\u03bd \u0395\u03bb\u03bb\u03b7\u03bd\u03b9\u03c3\u03bc\u03cc \u03ba\u03b1\u03b9 \u03c4\u03bf\u03bd \u03a6\u03b9\u03bb\u03b5\u03bb\u03bb\u03b7\u03bd\u03b9\u03c3\u03bc\u03cc","robots":{"index":"index","follow":"follow","max-snippet":"max-snippet:-1","max-image-preview":"max-image-preview:large","max-video-preview":"max-video-preview:-1"},"canonical":"https:\/\/www.eefshp.org\/en\/the-greek-revolution-in-spain-two-centuries-later\/","og_locale":"en_US","og_type":"article","og_title":"The Greek Revolution in Spain, two centuries later - \u0395\u03c4\u03b1\u03b9\u03c1\u03b5\u03af\u03b1 \u03b3\u03b9\u03b1 \u03c4\u03bf\u03bd \u0395\u03bb\u03bb\u03b7\u03bd\u03b9\u03c3\u03bc\u03cc \u03ba\u03b1\u03b9 \u03c4\u03bf\u03bd \u03a6\u03b9\u03bb\u03b5\u03bb\u03bb\u03b7\u03bd\u03b9\u03c3\u03bc\u03cc","og_description":"\u0397 \u0395\u03c4\u03b1\u03b9\u03c1\u03b5\u03af\u03b1 \u03b3\u03b9\u03b1 \u03c4\u03bf\u03bd \u0395\u03bb\u03bb\u03b7\u03bd\u03b9\u03c3\u03bc\u03cc \u03ba\u03b1\u03b9 \u03a6\u03b9\u03bb\u03b5\u03bb\u03bb\u03b7\u03bd\u03b9\u03c3\u03bc\u03cc (\u0395\u0395\u03a6) \u03ba\u03b1\u03b9 \u03c4\u03bf \u039c\u03bf\u03c5\u03c3\u03b5\u03af\u03bf \u03a6\u03b9\u03bb\u03b5\u03bb\u03bb\u03b7\u03bd\u03b9\u03c3\u03bc\u03bf\u03cd \u03c0\u03b1\u03c1\u03bf\u03c5\u03c3\u03b9\u03ac\u03b6\u03bf\u03c5\u03bd \u03bc\u03af\u03b1 \u03b5\u03ba\u03b4\u03ae\u03bb\u03c9\u03c3\u03b7 \u03c0\u03bf\u03c5 \u03bf\u03c1\u03b3\u03b1\u03bd\u03ce\u03bd\u03b5\u03b9 \u03b7 \u0395\u03bb\u03bb\u03b7\u03bd\u03bf\u03b1\u03bc\u03b5\u03c1\u03b9\u03ba\u03b1\u03bd\u03b9\u03ba\u03ae \u0388\u03bd\u03c9\u03c3\u03b7 \u03ba\u03b1\u03b9 \u03bf \u0399\u03c3\u03c0\u03b1\u03bd\u03bf-\u03b5\u03bb\u03bb\u03b7\u03bd\u03b9\u03ba\u03cc\u03c2 \u03a0\u03bf\u03bb\u03b9\u03c4\u03b9\u03c3\u03c4\u03b9\u03ba\u03cc\u03c2 \u03a3\u03cd\u03bd\u03b4\u03b5\u03c3\u03bc\u03bf\u03c2 (Asociaci\u00f3n Cultural Hispano-Hel\u00e9nica), \u03bc\u03b5 \u03c3\u03c4\u03cc\u03c7\u03bf \u03bd\u03b1 \u03c0\u03c1\u03bf\u03b2\u03ac\u03bb\u03b5\u03b9 \u03ad\u03bd\u03b1 \u03c3\u03b7\u03bc\u03b1\u03bd\u03c4\u03b9\u03ba\u03cc \u03ad\u03c1\u03b3\u03bf \u03c3\u03c7\u03b5\u03c4\u03b9\u03ba\u03cc \u03bc\u03b5 \u03c4\u03bf\u03bd \u0399\u03c3\u03c0\u03b1\u03bd\u03b9\u03ba\u03cc \u03a6\u03b9\u03bb\u03b5\u03bb\u03bb\u03b7\u03bd\u03b9\u03c3\u03bc\u03cc.","og_url":"https:\/\/www.eefshp.org\/en\/the-greek-revolution-in-spain-two-centuries-later\/","og_site_name":"\u0395\u03c4\u03b1\u03b9\u03c1\u03b5\u03af\u03b1 \u03b3\u03b9\u03b1 \u03c4\u03bf\u03bd \u0395\u03bb\u03bb\u03b7\u03bd\u03b9\u03c3\u03bc\u03cc \u03ba\u03b1\u03b9 \u03c4\u03bf\u03bd \u03a6\u03b9\u03bb\u03b5\u03bb\u03bb\u03b7\u03bd\u03b9\u03c3\u03bc\u03cc","article_published_time":"2021-12-03T12:06:41+00:00","article_modified_time":"2021-12-03T12:19:47+00:00","og_image":[{"width":543,"height":400,"url":"https:\/\/www.eefshp.org\/wp-content\/uploads\/2021\/12\/Revolution-1.png","type":"image\/png"}],"author":"Admin","twitter_card":"summary_large_image","twitter_misc":{"Written by":"Admin","Est. reading time":"19 minutes"},"schema":{"@context":"https:\/\/schema.org","@graph":[{"@type":"Article","@id":"https:\/\/www.eefshp.org\/en\/the-greek-revolution-in-spain-two-centuries-later\/#article","isPartOf":{"@id":"https:\/\/www.eefshp.org\/en\/the-greek-revolution-in-spain-two-centuries-later\/"},"author":{"name":"Admin","@id":"https:\/\/www.eefshp.org\/#\/schema\/person\/326167d6a4192597b9caceb5ad7c3bcf"},"headline":"The Greek Revolution in Spain, two centuries later","datePublished":"2021-12-03T12:06:41+00:00","dateModified":"2021-12-03T12:19:47+00:00","mainEntityOfPage":{"@id":"https:\/\/www.eefshp.org\/en\/the-greek-revolution-in-spain-two-centuries-later\/"},"wordCount":3005,"publisher":{"@id":"https:\/\/www.eefshp.org\/#organization"},"image":{"@id":"https:\/\/www.eefshp.org\/en\/the-greek-revolution-in-spain-two-centuries-later\/#primaryimage"},"thumbnailUrl":"https:\/\/www.eefshp.org\/wp-content\/uploads\/2021\/12\/Revolution-1.png","articleSection":["Presentations"],"inLanguage":"en-US"},{"@type":"WebPage","@id":"https:\/\/www.eefshp.org\/en\/the-greek-revolution-in-spain-two-centuries-later\/","url":"https:\/\/www.eefshp.org\/en\/the-greek-revolution-in-spain-two-centuries-later\/","name":"The Greek Revolution in Spain, two centuries later - \u0395\u03c4\u03b1\u03b9\u03c1\u03b5\u03af\u03b1 \u03b3\u03b9\u03b1 \u03c4\u03bf\u03bd \u0395\u03bb\u03bb\u03b7\u03bd\u03b9\u03c3\u03bc\u03cc \u03ba\u03b1\u03b9 \u03c4\u03bf\u03bd \u03a6\u03b9\u03bb\u03b5\u03bb\u03bb\u03b7\u03bd\u03b9\u03c3\u03bc\u03cc","isPartOf":{"@id":"https:\/\/www.eefshp.org\/#website"},"primaryImageOfPage":{"@id":"https:\/\/www.eefshp.org\/en\/the-greek-revolution-in-spain-two-centuries-later\/#primaryimage"},"image":{"@id":"https:\/\/www.eefshp.org\/en\/the-greek-revolution-in-spain-two-centuries-later\/#primaryimage"},"thumbnailUrl":"https:\/\/www.eefshp.org\/wp-content\/uploads\/2021\/12\/Revolution-1.png","datePublished":"2021-12-03T12:06:41+00:00","dateModified":"2021-12-03T12:19:47+00:00","breadcrumb":{"@id":"https:\/\/www.eefshp.org\/en\/the-greek-revolution-in-spain-two-centuries-later\/#breadcrumb"},"inLanguage":"en-US","potentialAction":[{"@type":"ReadAction","target":["https:\/\/www.eefshp.org\/en\/the-greek-revolution-in-spain-two-centuries-later\/"]}]},{"@type":"ImageObject","inLanguage":"en-US","@id":"https:\/\/www.eefshp.org\/en\/the-greek-revolution-in-spain-two-centuries-later\/#primaryimage","url":"https:\/\/www.eefshp.org\/wp-content\/uploads\/2021\/12\/Revolution-1.png","contentUrl":"https:\/\/www.eefshp.org\/wp-content\/uploads\/2021\/12\/Revolution-1.png","width":543,"height":400},{"@type":"BreadcrumbList","@id":"https:\/\/www.eefshp.org\/en\/the-greek-revolution-in-spain-two-centuries-later\/#breadcrumb","itemListElement":[{"@type":"ListItem","position":1,"name":"Home","item":"https:\/\/www.eefshp.org\/en\/"},{"@type":"ListItem","position":2,"name":"The Greek Revolution in Spain, two centuries later"}]},{"@type":"WebSite","@id":"https:\/\/www.eefshp.org\/#website","url":"https:\/\/www.eefshp.org\/","name":"\u0395\u03c4\u03b1\u03b9\u03c1\u03b5\u03af\u03b1 \u03b3\u03b9\u03b1 \u03c4\u03bf\u03bd \u0395\u03bb\u03bb\u03b7\u03bd\u03b9\u03c3\u03bc\u03cc \u03ba\u03b1\u03b9 \u03c4\u03bf\u03bd \u03a6\u03b9\u03bb\u03b5\u03bb\u03bb\u03b7\u03bd\u03b9\u03c3\u03bc\u03cc","description":"","publisher":{"@id":"https:\/\/www.eefshp.org\/#organization"},"potentialAction":[{"@type":"SearchAction","target":{"@type":"EntryPoint","urlTemplate":"https:\/\/www.eefshp.org\/?s={search_term_string}"},"query-input":{"@type":"PropertyValueSpecification","valueRequired":true,"valueName":"search_term_string"}}],"inLanguage":"en-US"},{"@type":"Organization","@id":"https:\/\/www.eefshp.org\/#organization","name":"\u0395\u03c4\u03b1\u03b9\u03c1\u03b5\u03af\u03b1 \u03b3\u03b9\u03b1 \u03c4\u03bf\u03bd \u0395\u03bb\u03bb\u03b7\u03bd\u03b9\u03c3\u03bc\u03cc \u03ba\u03b1\u03b9 \u03c4\u03bf\u03bd \u03a6\u03b9\u03bb\u03b5\u03bb\u03bb\u03b7\u03bd\u03b9\u03c3\u03bc\u03cc","url":"https:\/\/www.eefshp.org\/","logo":{"@type":"ImageObject","inLanguage":"en-US","@id":"https:\/\/www.eefshp.org\/#\/schema\/logo\/image\/","url":"https:\/\/www.eefshp.org\/wp-content\/uploads\/2019\/04\/logo_eefshp_80h_EL.png","contentUrl":"https:\/\/www.eefshp.org\/wp-content\/uploads\/2019\/04\/logo_eefshp_80h_EL.png","width":358,"height":80,"caption":"\u0395\u03c4\u03b1\u03b9\u03c1\u03b5\u03af\u03b1 \u03b3\u03b9\u03b1 \u03c4\u03bf\u03bd \u0395\u03bb\u03bb\u03b7\u03bd\u03b9\u03c3\u03bc\u03cc \u03ba\u03b1\u03b9 \u03c4\u03bf\u03bd \u03a6\u03b9\u03bb\u03b5\u03bb\u03bb\u03b7\u03bd\u03b9\u03c3\u03bc\u03cc"},"image":{"@id":"https:\/\/www.eefshp.org\/#\/schema\/logo\/image\/"}},{"@type":"Person","@id":"https:\/\/www.eefshp.org\/#\/schema\/person\/326167d6a4192597b9caceb5ad7c3bcf","name":"Admin","image":{"@type":"ImageObject","inLanguage":"en-US","@id":"https:\/\/secure.gravatar.com\/avatar\/03a7fe73b46c2784bfc2a598115ccc6614d58eb407e06183a7afe5e50bcc56fa?s=96&d=mm&r=g","url":"https:\/\/secure.gravatar.com\/avatar\/03a7fe73b46c2784bfc2a598115ccc6614d58eb407e06183a7afe5e50bcc56fa?s=96&d=mm&r=g","contentUrl":"https:\/\/secure.gravatar.com\/avatar\/03a7fe73b46c2784bfc2a598115ccc6614d58eb407e06183a7afe5e50bcc56fa?s=96&d=mm&r=g","caption":"Admin"}}]}},"_links":{"self":[{"href":"https:\/\/www.eefshp.org\/en\/wp-json\/wp\/v2\/posts\/18448","targetHints":{"allow":["GET"]}}],"collection":[{"href":"https:\/\/www.eefshp.org\/en\/wp-json\/wp\/v2\/posts"}],"about":[{"href":"https:\/\/www.eefshp.org\/en\/wp-json\/wp\/v2\/types\/post"}],"author":[{"embeddable":true,"href":"https:\/\/www.eefshp.org\/en\/wp-json\/wp\/v2\/users\/10"}],"replies":[{"embeddable":true,"href":"https:\/\/www.eefshp.org\/en\/wp-json\/wp\/v2\/comments?post=18448"}],"version-history":[{"count":7,"href":"https:\/\/www.eefshp.org\/en\/wp-json\/wp\/v2\/posts\/18448\/revisions"}],"predecessor-version":[{"id":18459,"href":"https:\/\/www.eefshp.org\/en\/wp-json\/wp\/v2\/posts\/18448\/revisions\/18459"}],"wp:featuredmedia":[{"embeddable":true,"href":"https:\/\/www.eefshp.org\/en\/wp-json\/wp\/v2\/media\/18436"}],"wp:attachment":[{"href":"https:\/\/www.eefshp.org\/en\/wp-json\/wp\/v2\/media?parent=18448"}],"wp:term":[{"taxonomy":"category","embeddable":true,"href":"https:\/\/www.eefshp.org\/en\/wp-json\/wp\/v2\/categories?post=18448"},{"taxonomy":"post_tag","embeddable":true,"href":"https:\/\/www.eefshp.org\/en\/wp-json\/wp\/v2\/tags?post=18448"}],"curies":[{"name":"wp","href":"https:\/\/api.w.org\/{rel}","templated":true}]}}